
{"id":9130,"date":"2025-01-29T16:24:55","date_gmt":"2025-01-29T19:24:55","guid":{"rendered":"https:\/\/7ports.com.br\/?p=9130"},"modified":"2025-01-29T16:30:34","modified_gmt":"2025-01-29T19:30:34","slug":"9130","status":"publish","type":"post","link":"https:\/\/7ports.com.br\/?p=9130","title":{"rendered":"Embaixada do Brasil, atacada."},"content":{"rendered":"\n<figure class=\"wp-block-image\"><img decoding=\"async\" src=\"https:\/\/imagens.ebc.com.br\/v5-YeBBODCpZCqYneASixlJejtM=\/1170x700\/smart\/https:\/\/agenciabrasil.ebc.com.br\/sites\/default\/files\/thumbnails\/image\/2025\/01\/29\/2025-01-27t115006z_1_lynxnpel0q0ec_rtroptp_4_congo-security.jpg?itok=VLnI1vEy\" alt=\"Agentes de seguran\u00e7a de Ruanda recebem pessoal humanit\u00e1rio e suas fam\u00edlias que fogem de Goma, no leste do Congo\n 27\/1\/2025   REUTERS\/Jean Bizimana\" title=\"Jean Bizimana\/Reuters\/proibida a reprodu\u00e7\u00e3o\"\/><figcaption class=\"wp-element-caption\">\u00a9 Jean Bizimana\/Reuters\/proibida a reprodu\u00e7\u00e3o<\/figcaption><\/figure>\n\n\n\n<p>Vers\u00e3o em \u00e1udio<\/p>\n\n\n\n<p>Diversas representa\u00e7\u00f5es diplom\u00e1ticas estrangeiras \u2013 dentre elas a Embaixada do Brasil \u2013 foram atacadas na capital da Rep\u00fablica Democr\u00e1tica do Congo (RDC), Kinshasa.<img decoding=\"async\" src=\"https:\/\/agenciabrasil.ebc.com.br\/ebc.png?id=1628275&amp;o=node\"><img decoding=\"async\" src=\"https:\/\/agenciabrasil.ebc.com.br\/ebc.gif?id=1628275&amp;o=node\"><\/p>\n\n\n\n<p>Em nota divulgada na noite dessa ter\u00e7a-feira (28), o Itamaraty manifestou \u201cgrave preocupa\u00e7\u00e3o\u201d com os ataques e informou que os funcion\u00e1rios da embaixada brasileira est\u00e3o bem.<\/p>\n\n\n\n<p>Na nota, a diplomacia brasileira cita o \u201cprinc\u00edpio b\u00e1sico da inviolabilidade das miss\u00f5es diplom\u00e1ticas e a obriga\u00e7\u00e3o ativa de o pa\u00eds anfitri\u00e3o garantir prote\u00e7\u00e3o ao pessoal da miss\u00e3o e a suas instala\u00e7\u00f5es\u201d.<\/p>\n\n\n\n<p>Na sequ\u00eancia, reitera confian\u00e7a de que o governo congol\u00eas se empenhar\u00e1 para controlar a situa\u00e7\u00e3o.<\/p>\n\n\n\n<p>Segundo o Itamaraty, a bandeira brasileira foi retirada e levada pela multid\u00e3o, durante o ataque \u00e0 representa\u00e7\u00e3o diplom\u00e1tica.<\/p>\n\n\n\n<p>Em outra nota, publicada mais cedo, o governo brasileiro j\u00e1 havia manifestado preocupa\u00e7\u00e3o com o recrudescimento da viol\u00eancia no leste da RDC, principalmente na cidade de Goma, e com os ataques registrados naquele pa\u00eds contra tropas de miss\u00e3o da Organiza\u00e7\u00e3o das Na\u00e7\u00f5es Unidas (ONU) e da Comunidade para o Desenvolvimento da \u00c1frica Austral, que teriam resultado na morte de 13 de seus integrantes.<\/p>\n\n\n\n<p>A nota lembra que o Brasil \u00e9 contribuinte tradicional da miss\u00e3o que, atualmente, conta com a participa\u00e7\u00e3o de 22 militares.<\/p>\n\n\n\n<h2 class=\"wp-block-heading\">Entenda<\/h2>\n\n\n\n<p>De acordo com a imprensa internacional, integrantes do grupo M23 tomaram controle do aeroporto da maior cidade do pa\u00eds, Goma, ap\u00f3s a captura da cidade \u201cem uma ofensiva que deixou corpos espalhados pelas ruas\u201d. Goma fica no extremo leste do pa\u00eds, na divisa com Ruanda, e a mais de 2 mil quil\u00f4metros de dist\u00e2ncia da capital Kinshsa, localizada no extremo oeste do pa\u00eds.<\/p>\n\n\n\n<p>A situa\u00e7\u00e3o atual \u00e9 apontada como a maior escalada desde 2012, neste conflito que j\u00e1 dura tr\u00eas d\u00e9cadas, em meio a disputas pelo controle dos recursos minerais do pa\u00eds. Al\u00e9m de ser rica em ouro, a regi\u00e3o possui minerais essenciais para a produ\u00e7\u00e3o de celulares e baterias para ve\u00edculos el\u00e9tricos.<\/p>\n\n\n\n<p>Em setembro de 2024, uma miss\u00e3o das Na\u00e7\u00f5es Unidas (ONU) naquele pa\u00eds informou que o com\u00e9rcio de minerais na \u00e1rea de Rubaya representa mais de 15% do fornecimento global de t\u00e2ntalo, considerado um mineral cr\u00edtico pelos Estados Unidos e pela Uni\u00e3o Europeia.<\/p>\n\n\n\n<h2 class=\"wp-block-heading\">ONU<\/h2>\n\n\n\n<p>Diante da situa\u00e7\u00e3o no pa\u00eds, o Conselho de Seguran\u00e7a da ONU divulgou, no in\u00edcio da semana, uma nota na qual pede o fim da ofensiva do M23 no Congo. Segundo a ONU, o grupo seria financiado pelo governo de Ruanda, o que, at\u00e9 o momento, ainda n\u00e3o foi confirmado \u2013 nem negado \u2013 pelo pa\u00eds vizinho.<\/p>\n\n\n\n<p>A ONU ressalta que o M23 estaria \u201cviolando cessar-fogo definido em processo de paz\u201d, e que deveria \u201creverter a expans\u00e3o territorial dos \u00faltimos dias\u201d. Ainda segundo as Na\u00e7\u00f5es Unidas, o grupo armado teria tomado o controle de outras duas cidades congolesas: Masisi em 4 de janeiro e Sake no dia 23.<\/p>\n\n\n\n<p>A nota reafirma \u201capoio inabal\u00e1vel\u201d \u00e0 negocia\u00e7\u00e3o em curso entre a RDC e Ruanda liderada pelo mediador designado pela Uni\u00e3o Africana, o presidente de Angola, Jo\u00e3o Manuel Gon\u00e7alves Louren\u00e7o.<\/p>\n\n\n\n<p>\u201cPara o Conselho, esses avan\u00e7os representam uma grave viola\u00e7\u00e3o do cessar-fogo e minam os esfor\u00e7os para alcan\u00e7ar uma solu\u00e7\u00e3o pol\u00edtica pac\u00edfica e duradoura para o conflito por meio do processo de Luanda [capital da Angola]\u201d, afirmou a ONU ao manifestar \u201capoio inabal\u00e1vel\u201d \u00e0 media\u00e7\u00e3o liderada por Angola por uma solu\u00e7\u00e3o pol\u00edtica entre Congo e Ruanda.<\/p>\n","protected":false},"excerpt":{"rendered":"<p>Vers\u00e3o em \u00e1udio Diversas representa\u00e7\u00f5es diplom\u00e1ticas estrangeiras \u2013 dentre elas a Embaixada do Brasil \u2013 foram atacadas na capital da Rep\u00fablica Democr\u00e1tica do Congo (RDC), Kinshasa. Em nota divulgada na<\/p>\n","protected":false},"author":1,"featured_media":9132,"comment_status":"closed","ping_status":"closed","sticky":false,"template":"","format":"standard","meta":[],"categories":[1],"tags":[],"_links":{"self":[{"href":"https:\/\/7ports.com.br\/index.php?rest_route=\/wp\/v2\/posts\/9130"}],"collection":[{"href":"https:\/\/7ports.com.br\/index.php?rest_route=\/wp\/v2\/posts"}],"about":[{"href":"https:\/\/7ports.com.br\/index.php?rest_route=\/wp\/v2\/types\/post"}],"author":[{"embeddable":true,"href":"https:\/\/7ports.com.br\/index.php?rest_route=\/wp\/v2\/users\/1"}],"replies":[{"embeddable":true,"href":"https:\/\/7ports.com.br\/index.php?rest_route=%2Fwp%2Fv2%2Fcomments&post=9130"}],"version-history":[{"count":2,"href":"https:\/\/7ports.com.br\/index.php?rest_route=\/wp\/v2\/posts\/9130\/revisions"}],"predecessor-version":[{"id":9134,"href":"https:\/\/7ports.com.br\/index.php?rest_route=\/wp\/v2\/posts\/9130\/revisions\/9134"}],"wp:featuredmedia":[{"embeddable":true,"href":"https:\/\/7ports.com.br\/index.php?rest_route=\/wp\/v2\/media\/9132"}],"wp:attachment":[{"href":"https:\/\/7ports.com.br\/index.php?rest_route=%2Fwp%2Fv2%2Fmedia&parent=9130"}],"wp:term":[{"taxonomy":"category","embeddable":true,"href":"https:\/\/7ports.com.br\/index.php?rest_route=%2Fwp%2Fv2%2Fcategories&post=9130"},{"taxonomy":"post_tag","embeddable":true,"href":"https:\/\/7ports.com.br\/index.php?rest_route=%2Fwp%2Fv2%2Ftags&post=9130"}],"curies":[{"name":"wp","href":"https:\/\/api.w.org\/{rel}","templated":true}]}}