
{"id":9135,"date":"2025-01-30T02:51:44","date_gmt":"2025-01-30T05:51:44","guid":{"rendered":"https:\/\/7ports.com.br\/?p=9135"},"modified":"2025-01-30T02:55:05","modified_gmt":"2025-01-30T05:55:05","slug":"lula-chama-gleisi-e-sinaliza-que-ela-assumira-ministerio","status":"publish","type":"post","link":"https:\/\/7ports.com.br\/?p=9135","title":{"rendered":"Lula chama Gleisi e sinaliza que ela assumir\u00e1 minist\u00e9rio"},"content":{"rendered":"\n<h2 class=\"wp-block-heading\">Lula chamou Gleisi para duas conversas na semana passada. Em uma delas, afirmou que seu nome vinha sendo defendido para um dos minist\u00e9rios<\/h2>\n\n\n\n<p>BRAS\u00cdLIA, DF (FOLHAPRESS) &#8211; O presidente Lula (PT) sondou a presidente de seu partido,\u00a0<strong><a href=\"https:\/\/www.em.com.br\/politica\/2023\/11\/6650358-gleisi-rebate-criticas-a-lula-fanaticos-por-austeridade.html\">Gleisi Hoffmann<\/a><\/strong>\u00a0(PR), sobre a possibilidade de assumir um minist\u00e9rio na\u00a0<strong><a href=\"https:\/\/www.em.com.br\/politica\/2025\/01\/7031272-reforma-ministerial-pode-sair-neste-mes-diz-rui-costa.html\">reforma<\/a>\u00a0<\/strong>que deve ser iniciada a partir da pr\u00f3xima semana, com o fim da elei\u00e7\u00e3o para o comando da C\u00e2mara e do Senado.<\/p>\n\n\n\n<ul>\n<li><strong><a href=\"https:\/\/www.em.com.br\/politica\/2024\/11\/6987351-planalto-esta-insatisfeito-com-gleisi-hoffmann.html\">Planalto est\u00e1 insatisfeito com Gleisi Hoffmann<\/a><\/strong><\/li>\n<\/ul>\n\n\n\n<p>Lula chamou Gleisi para duas conversas na semana passada. Em uma delas, afirmou que seu nome vinha sendo defendido para o minist\u00e9rio. Ainda segundo relatos, o presidente perguntou se ela cogitaria essa hip\u00f3tese.<\/p>\n\n\n\n<p>A presidente do PT teria dito, em resposta, que o presidente da Rep\u00fablica n\u00e3o convida, manda. Mas lembrou sua atua\u00e7\u00e3o nas redes sociais, com cr\u00edticas \u00e0 pol\u00edtica conduzida pelo ministro da Fazenda, Fernando Haddad (PT).<\/p>\n\n\n\n<p><a href=\"https:\/\/csync-global.smartadserver.com\/3356\/CookieSync.html\">https:\/\/csync-global.smartadserver.com\/3356\/CookieSync.html<\/a><\/p>\n\n\n\n<ul>\n<li><strong><a href=\"https:\/\/www.em.com.br\/politica\/2024\/10\/6975844-gleisi-critica-padilha-ofende-o-pt-fazendo-graca.html\">Gleisi critica Padilha: &#8216;Ofende o PT fazendo gra\u00e7a&#8217;<\/a><\/strong><\/li>\n<\/ul>\n\n\n\n<p>A interlocutores Gleisi nega que j\u00e1 tenha sido convidada. Mas a expectativa, entre aliados de Lula, \u00e9 que ela assuma a Secretaria-Geral da Presid\u00eancia, que tem entre suas atribui\u00e7\u00f5es a rela\u00e7\u00e3o com os movimentos sociais. Confirmado o convite, Gleisi estar\u00e1 no n\u00facleo do governo Lula, participando das decis\u00f5es centrais ao lado do secret\u00e1rio de Comunica\u00e7\u00e3o, Sid\u00f4nio Palmeira, e do ministro da Casa Civil, Rui Costa (PT).<\/p>\n\n\n\n<p>Pal\u00e1cio do Planalto, ela engrossaria o time de cr\u00edticos da pol\u00edtica de austeridade fiscal, classificada de &#8220;austeric\u00eddio&#8221; em documento do PT. Seu nome chegou a ser citado para o Desenvolvimento Social.<\/p>\n\n\n\n<p>A estrat\u00e9gia de fortalecimento pol\u00edtico na chamada &#8220;cozinha&#8221; do presidente incluiria ainda a substitui\u00e7\u00e3o do ministro das Rela\u00e7\u00f5es Institucionais, Alexandre Padilha (PT). Essa mudan\u00e7a dependeria da sa\u00edda de uma mulher do Governo: ministra da Sa\u00fade, N\u00edsia Trindade, que seria sucedida por Padilha.<\/p>\n\n\n\n<p>Interlocutores do presidente t\u00eam d\u00favidas sobre sua disposi\u00e7\u00e3o de exonerar N\u00edsia, reduzindo o n\u00famero de mulheres em sua equipe. Mas argumentam que a nomea\u00e7\u00e3o de Gleisi atenuaria essa redu\u00e7\u00e3o.<\/p>\n\n\n\n<p>O nome de Padilha j\u00e1 foi mencionado tamb\u00e9m para a Defesa. Mas aliados de Lula afirmam que o presidente tem insistido para que o titular da pasta,&nbsp;<strong><a href=\"https:\/\/www.em.com.br\/politica\/2024\/01\/6780703-mucio-sobre-8-de-janeiro-forcas-armadas-nao-queriam-um-golpe.html\">Jos\u00e9 M\u00facio<\/a><\/strong>, permane\u00e7a no cargo at\u00e9 o fim de 2025.<\/p>\n\n\n\n<p>Para o lugar de Padilha, a c\u00fapula da C\u00e2mara quer o nome do l\u00edder do MDB na Casa, Isnaldo Bulh\u00f5es (AL), repetindo o modelo j\u00e1 adotado por Lula quando a articula\u00e7\u00e3o do governo ficou a cargo de Jos\u00e9 M\u00facio, nos anos 2000. Hoje na Defesa, ele era filiado ao PTB.<\/p>\n\n\n\n<p>Mas h\u00e1 tamb\u00e9m d\u00favidas de que Lula retire a articula\u00e7\u00e3o das m\u00e3os do PT, o que leva a especula\u00e7\u00f5es em torno dos l\u00edderes do governo na C\u00e2mara, Jos\u00e9 Guimar\u00e3es (CE), e do Senado, Jaques Wagner (BA), para a miss\u00e3o.<\/p>\n\n\n\n<p>Nas conversas, Lula avisou Gleisi que a reforma ministerial come\u00e7aria pelo PT. Al\u00e9m da&nbsp;<strong><a href=\"https:\/\/www.em.com.br\/politica\/2025\/01\/7028756-lula-demite-ministro-paulo-pimenta-da-secretaria-de-comunicacao.html\">demiss\u00e3o de Paulo Pimenta da Secom<\/a><\/strong>, o partido dever\u00e1 perder pelo menos mais uma pasta: das Mulheres. Pela bolsa de apostas, a ministra Cida Gon\u00e7alves seria substitu\u00edda pela atual ministra da Ci\u00eancia e Tecnologia, Luciana Santos, do PC do B.<\/p>\n\n\n\n<p>Seu lugar seria reservado a um partido de centro, como o PSD. Dirigentes de partidos aliados reivindicam maior espa\u00e7o para o PSD da C\u00e2mara. No desenho \u00e0 mesa de Lula, tamb\u00e9m est\u00e1 a proposta de acomoda\u00e7\u00e3o dos presidentes da C\u00e2mara, Arthur Lira (PP-AL), e do Senado, Rodrigo Pacheco (PSD-MG).<\/p>\n\n\n\n<p>O&nbsp;<strong><a href=\"https:\/\/www.em.com.br\/politica\/2024\/03\/6826014-supremo-arquiva-inqueritos-que-investigavam-kassab-por-doacoes-da-odebrecht.html\">PSD de Gilberto Kassab<\/a><\/strong>&nbsp;resiste ao desenho de reforma ministerial sugerido pela c\u00fapula da C\u00e2mara dos Deputados para acomodar Lira no primeiro escal\u00e3o do governo Lula.<\/p>\n\n\n\n<p>O plano que vem sendo discutido pelo prov\u00e1vel futuro presidente da C\u00e2mara, Hugo Motta (Republicanos-PB), prev\u00ea que Lira ocupar\u00e1 o Minist\u00e9rio da Agricultura, hoje comandado pelo senador licenciado Carlos F\u00e1varo, que \u00e9 do PSD.<\/p>\n\n\n\n<p>O partido de Kassab -que hoje integra o secretariado do governador de S\u00e3o Paulo, Tarc\u00edsio de Freitas (Republicanos)- \u00e9 contra e busca outra configura\u00e7\u00e3o.<\/p>\n","protected":false},"excerpt":{"rendered":"<p>Lula chamou Gleisi para duas conversas na semana passada. Em uma delas, afirmou que seu nome vinha sendo defendido para um dos minist\u00e9rios BRAS\u00cdLIA, DF (FOLHAPRESS) &#8211; O presidente Lula<\/p>\n","protected":false},"author":1,"featured_media":9138,"comment_status":"closed","ping_status":"closed","sticky":false,"template":"","format":"standard","meta":[],"categories":[1],"tags":[],"_links":{"self":[{"href":"https:\/\/7ports.com.br\/index.php?rest_route=\/wp\/v2\/posts\/9135"}],"collection":[{"href":"https:\/\/7ports.com.br\/index.php?rest_route=\/wp\/v2\/posts"}],"about":[{"href":"https:\/\/7ports.com.br\/index.php?rest_route=\/wp\/v2\/types\/post"}],"author":[{"embeddable":true,"href":"https:\/\/7ports.com.br\/index.php?rest_route=\/wp\/v2\/users\/1"}],"replies":[{"embeddable":true,"href":"https:\/\/7ports.com.br\/index.php?rest_route=%2Fwp%2Fv2%2Fcomments&post=9135"}],"version-history":[{"count":2,"href":"https:\/\/7ports.com.br\/index.php?rest_route=\/wp\/v2\/posts\/9135\/revisions"}],"predecessor-version":[{"id":9139,"href":"https:\/\/7ports.com.br\/index.php?rest_route=\/wp\/v2\/posts\/9135\/revisions\/9139"}],"wp:featuredmedia":[{"embeddable":true,"href":"https:\/\/7ports.com.br\/index.php?rest_route=\/wp\/v2\/media\/9138"}],"wp:attachment":[{"href":"https:\/\/7ports.com.br\/index.php?rest_route=%2Fwp%2Fv2%2Fmedia&parent=9135"}],"wp:term":[{"taxonomy":"category","embeddable":true,"href":"https:\/\/7ports.com.br\/index.php?rest_route=%2Fwp%2Fv2%2Fcategories&post=9135"},{"taxonomy":"post_tag","embeddable":true,"href":"https:\/\/7ports.com.br\/index.php?rest_route=%2Fwp%2Fv2%2Ftags&post=9135"}],"curies":[{"name":"wp","href":"https:\/\/api.w.org\/{rel}","templated":true}]}}