
{"id":9140,"date":"2025-01-30T03:04:30","date_gmt":"2025-01-30T06:04:30","guid":{"rendered":"https:\/\/7ports.com.br\/?p=9140"},"modified":"2025-02-05T22:32:59","modified_gmt":"2025-02-06T01:32:59","slug":"trump-envia-imigrantes-condenados-para-guantanamo","status":"publish","type":"post","link":"https:\/\/7ports.com.br\/?p=9140","title":{"rendered":"Trump envia imigrantes condenados para Guant\u00e1namo."},"content":{"rendered":"\n<figure class=\"wp-block-image size-full is-resized\"><img decoding=\"async\" loading=\"lazy\" src=\"https:\/\/7ports.com.br\/wp-content\/uploads\/2025\/02\/image.png\" alt=\"\" class=\"wp-image-9159\" width=\"736\" height=\"414\" srcset=\"https:\/\/7ports.com.br\/wp-content\/uploads\/2025\/02\/image.png 1000w, https:\/\/7ports.com.br\/wp-content\/uploads\/2025\/02\/image-300x169.png 300w, https:\/\/7ports.com.br\/wp-content\/uploads\/2025\/02\/image-768x432.png 768w\" sizes=\"(max-width: 736px) 100vw, 736px\" \/><\/figure>\n\n\n\n<p>Trump diz que enviar\u00e1 imigrantes condenados a Guant\u00e1namo O presidente dos EUA disse que acionaria o Departamento de Seguran\u00e7a para enviar 30.000 imigrantes \u00e0 pris\u00e3o militar Donald Trump (foto) disse que usar\u00e1 a pris\u00e3o para abrigar os &#8220;piores criminosos&#8221; reprodu\u00e7\u00e3o\/YouTube White House PODER360 29.jan.2025 (quarta-feira) &#8211; 18h32 O presidente dos Estados Unidos, Donald Trump (Republicano), disse nesta 4\u00aa feira (29.jan.2025) que assinar\u00e1 um decreto para autorizar o Departamento de Seguran\u00e7a Interna a enviar at\u00e9 30.000 imigrantes ilegais \u00e0 pris\u00e3o militar na Ba\u00eda de Guant\u00e1namo. A deten\u00e7\u00e3o, loca&#8230;<br><br>Leia mais no texto original: (https:\/\/www.poder360.com.br\/poder-internacional\/trump-diz-que-enviara-imigrantes-condenados-a-guantanamo\/)<br>\u00a9 2025 Todos os direitos s\u00e3o reservados ao Poder360, conforme a Lei n\u00ba 9.610\/98. A publica\u00e7\u00e3o, redistribui\u00e7\u00e3o, transmiss\u00e3o e reescrita sem autoriza\u00e7\u00e3o pr\u00e9via s\u00e3o proibidas.<\/p>\n\n\n\n<p><\/p>\n\n\n\n<p><\/p>\n\n\n\n<p><\/p>\n\n\n\n<p>Leia mais no texto original: (https:\/\/www.poder360.com.br\/poder-internacional\/trump-diz-que-enviara-imigrantes-condenados-a-guantanamo\/)<br>\u00a9 2025 Todos os direitos s\u00e3o reservados ao Poder360, conforme a Lei n\u00ba 9.610\/98. A publica\u00e7\u00e3o, redistribui\u00e7\u00e3o, transmiss\u00e3o e reescrita sem autoriza\u00e7\u00e3o pr\u00e9via s\u00e3o proibidas.<\/p>\n","protected":false},"excerpt":{"rendered":"<p>Trump diz que enviar\u00e1 imigrantes condenados a Guant\u00e1namo O presidente dos EUA disse que acionaria o Departamento de Seguran\u00e7a para enviar 30.000 imigrantes \u00e0 pris\u00e3o militar Donald Trump (foto) disse<\/p>\n","protected":false},"author":1,"featured_media":9141,"comment_status":"closed","ping_status":"closed","sticky":false,"template":"","format":"standard","meta":[],"categories":[1],"tags":[],"_links":{"self":[{"href":"https:\/\/7ports.com.br\/index.php?rest_route=\/wp\/v2\/posts\/9140"}],"collection":[{"href":"https:\/\/7ports.com.br\/index.php?rest_route=\/wp\/v2\/posts"}],"about":[{"href":"https:\/\/7ports.com.br\/index.php?rest_route=\/wp\/v2\/types\/post"}],"author":[{"embeddable":true,"href":"https:\/\/7ports.com.br\/index.php?rest_route=\/wp\/v2\/users\/1"}],"replies":[{"embeddable":true,"href":"https:\/\/7ports.com.br\/index.php?rest_route=%2Fwp%2Fv2%2Fcomments&post=9140"}],"version-history":[{"count":2,"href":"https:\/\/7ports.com.br\/index.php?rest_route=\/wp\/v2\/posts\/9140\/revisions"}],"predecessor-version":[{"id":9160,"href":"https:\/\/7ports.com.br\/index.php?rest_route=\/wp\/v2\/posts\/9140\/revisions\/9160"}],"wp:featuredmedia":[{"embeddable":true,"href":"https:\/\/7ports.com.br\/index.php?rest_route=\/wp\/v2\/media\/9141"}],"wp:attachment":[{"href":"https:\/\/7ports.com.br\/index.php?rest_route=%2Fwp%2Fv2%2Fmedia&parent=9140"}],"wp:term":[{"taxonomy":"category","embeddable":true,"href":"https:\/\/7ports.com.br\/index.php?rest_route=%2Fwp%2Fv2%2Fcategories&post=9140"},{"taxonomy":"post_tag","embeddable":true,"href":"https:\/\/7ports.com.br\/index.php?rest_route=%2Fwp%2Fv2%2Ftags&post=9140"}],"curies":[{"name":"wp","href":"https:\/\/api.w.org\/{rel}","templated":true}]}}