
{"id":9143,"date":"2025-01-30T03:17:24","date_gmt":"2025-01-30T06:17:24","guid":{"rendered":"https:\/\/7ports.com.br\/?p=9143"},"modified":"2025-01-30T03:17:37","modified_gmt":"2025-01-30T06:17:37","slug":"tarcisio-recebera-premio-por-privatizacao-da-sabesp-nos-eua","status":"publish","type":"post","link":"https:\/\/7ports.com.br\/?p=9143","title":{"rendered":"Tarc\u00edsio recebera pr\u00eamio por privatiza\u00e7\u00e3o da Sabesp nos EUA"},"content":{"rendered":"\n<h1 class=\"wp-block-heading\">Tarc\u00edsio tira licen\u00e7a para receber pr\u00eamio por privatiza\u00e7\u00e3o da Sabesp nos EUA<\/h1>\n\n\n\n<p>Trata-se do pr\u00eamio Equity Follow-On of the Year, da Deals of the Year Awards, por sua participa\u00e7\u00e3o no processo de privatiza\u00e7\u00e3o da companhia<\/p>\n\n\n\n<p><a href=\"https:\/\/www.infomoney.com.br\/autor\/estadao-conteudo\/\">Estad\u00e3o Conte\u00fado<\/a><\/p>\n\n\n\n<p><a rel=\"noreferrer noopener\" href=\"https:\/\/wa.me\/?text=Tarc%C3%ADsio%20tira%20licen%C3%A7a%20para%20receber%20pr%C3%AAmio%20por%20privatiza%C3%A7%C3%A3o%20da%20Sabesp%20nos%20EUA%20https%3A%2F%2Fwww.infomoney.com.br%2Fmercados%2Ftarcisio-tira-licenca-para-receber-premio-por-privatizacao-da-sabesp-nos-eua%2F%3Futm_source%3Dwhatsapp%26utm_medium%3Dsocial\" target=\"_blank\"><\/a><a rel=\"noreferrer noopener\" href=\"https:\/\/facebook.com\/sharer\/sharer.php?u=https%3A%2F%2Fwww.infomoney.com.br%2Fmercados%2Ftarcisio-tira-licenca-para-receber-premio-por-privatizacao-da-sabesp-nos-eua%2F%3Futm_source%3Dfacebook%26utm_medium%3Dsocial\" target=\"_blank\"><\/a><a rel=\"noreferrer noopener\" href=\"https:\/\/twitter.com\/intent\/tweet?url=https%3A%2F%2Fwww.infomoney.com.br%2Fmercados%2Ftarcisio-tira-licenca-para-receber-premio-por-privatizacao-da-sabesp-nos-eua%2F%3Futm_source%3Dtwitter%26utm_medium%3Dsocial&amp;text=Tarc%C3%ADsio%20tira%20licen%C3%A7a%20para%20receber%20pr%C3%AAmio%20por%20privatiza%C3%A7%C3%A3o%20da%20Sabesp%20nos%20EUA&amp;via=InfoMoney\" target=\"_blank\"><\/a><a rel=\"noreferrer noopener\" href=\"https:\/\/www.linkedin.com\/shareArticle?mini=true&amp;url=https%3A%2F%2Fwww.infomoney.com.br%2Fmercados%2Ftarcisio-tira-licenca-para-receber-premio-por-privatizacao-da-sabesp-nos-eua%2F%3Futm_source%3Dlinkedin%26utm_medium%3Dsocial&amp;title=Tarc%C3%ADsio%20tira%20licen%C3%A7a%20para%20receber%20pr%C3%AAmio%20por%20privatiza%C3%A7%C3%A3o%20da%20Sabesp%20nos%20EUA&amp;source=InfoMoney\" target=\"_blank\"><\/a><a rel=\"noreferrer noopener\" href=\"https:\/\/telegram.me\/share\/url?url=https%3A%2F%2Fwww.infomoney.com.br%2Fmercados%2Ftarcisio-tira-licenca-para-receber-premio-por-privatizacao-da-sabesp-nos-eua%2F%3Futm_source%3Dtelegram%26utm_medium%3Dsocial&amp;text=Tarc%C3%ADsio%20tira%20licen%C3%A7a%20para%20receber%20pr%C3%AAmio%20por%20privatiza%C3%A7%C3%A3o%20da%20Sabesp%20nos%20EUA&amp;via=\" target=\"_blank\"><\/a><\/p>\n\n\n\n<p>O governador de S\u00e3o Paulo,&nbsp;<strong>Tarc\u00edsio de Freitas (Republicanos)<\/strong>, comunicou \u00e0 Assembleia Legislativa do Estado de S\u00e3o Paulo (Alesp) que se ausentar\u00e1 do Pa\u00eds a partir das 21h15min de 28 de janeiro at\u00e9 as 5h de 1\u00ba de fevereiro de 2025 para viajar aos Estados Unidos. Por l\u00e1, ele receber\u00e1 um pr\u00eamio pela privatiza\u00e7\u00e3o da Companhia de Saneamento B\u00e1sico do Estado de S\u00e3o Paulo (Sabesp). A informa\u00e7\u00e3o foi publicada no Di\u00e1rio Oficial do Estado desta ter\u00e7a-feira, 28.<\/p>\n\n\n\n<p>O republicano ser\u00e1 homenageado nesta quinta-feira, 30, pela revista Latin Finance, especializada em cobertura de mercados financeiros e economia da Am\u00e9rica Latina. Trata-se do pr\u00eamio Equity Follow-On of the Year, da Deals of the Year Awards. Anteriormente, o peri\u00f3dico j\u00e1 premiou o ministro da Fazenda, Fernando Haddad (PT), pela reforma tribut\u00e1ria, e o ex-presidente do Banco Central Roberto Campos Neto, pela gest\u00e3o fiscal e combate \u00e0 infla\u00e7\u00e3o.<\/p>\n\n\n\n<p>O projeto de lei (Lei n\u00ba17.853\/2023) para a privatiza\u00e7\u00e3o da Sabesp foi aprovado pela Alesp em 6 de dezembro de 2023 e a empresa foi concedida ao grupo Equatorial. Com o neg\u00f3cio, s\u00e3o previstos investimentos de R$ 260 bilh\u00f5es at\u00e9 2060, al\u00e9m da universaliza\u00e7\u00e3o do saneamento b\u00e1sico, segundo o governador.<\/p>\n","protected":false},"excerpt":{"rendered":"<p>Tarc\u00edsio tira licen\u00e7a para receber pr\u00eamio por privatiza\u00e7\u00e3o da Sabesp nos EUA Trata-se do pr\u00eamio Equity Follow-On of the Year, da Deals of the Year Awards, por sua participa\u00e7\u00e3o no<\/p>\n","protected":false},"author":1,"featured_media":9144,"comment_status":"closed","ping_status":"closed","sticky":false,"template":"","format":"standard","meta":[],"categories":[1],"tags":[],"_links":{"self":[{"href":"https:\/\/7ports.com.br\/index.php?rest_route=\/wp\/v2\/posts\/9143"}],"collection":[{"href":"https:\/\/7ports.com.br\/index.php?rest_route=\/wp\/v2\/posts"}],"about":[{"href":"https:\/\/7ports.com.br\/index.php?rest_route=\/wp\/v2\/types\/post"}],"author":[{"embeddable":true,"href":"https:\/\/7ports.com.br\/index.php?rest_route=\/wp\/v2\/users\/1"}],"replies":[{"embeddable":true,"href":"https:\/\/7ports.com.br\/index.php?rest_route=%2Fwp%2Fv2%2Fcomments&post=9143"}],"version-history":[{"count":1,"href":"https:\/\/7ports.com.br\/index.php?rest_route=\/wp\/v2\/posts\/9143\/revisions"}],"predecessor-version":[{"id":9145,"href":"https:\/\/7ports.com.br\/index.php?rest_route=\/wp\/v2\/posts\/9143\/revisions\/9145"}],"wp:featuredmedia":[{"embeddable":true,"href":"https:\/\/7ports.com.br\/index.php?rest_route=\/wp\/v2\/media\/9144"}],"wp:attachment":[{"href":"https:\/\/7ports.com.br\/index.php?rest_route=%2Fwp%2Fv2%2Fmedia&parent=9143"}],"wp:term":[{"taxonomy":"category","embeddable":true,"href":"https:\/\/7ports.com.br\/index.php?rest_route=%2Fwp%2Fv2%2Fcategories&post=9143"},{"taxonomy":"post_tag","embeddable":true,"href":"https:\/\/7ports.com.br\/index.php?rest_route=%2Fwp%2Fv2%2Ftags&post=9143"}],"curies":[{"name":"wp","href":"https:\/\/api.w.org\/{rel}","templated":true}]}}