
{"id":9161,"date":"2025-02-06T05:52:08","date_gmt":"2025-02-06T08:52:08","guid":{"rendered":"https:\/\/7ports.com.br\/?p=9161"},"modified":"2025-07-27T13:51:13","modified_gmt":"2025-07-27T16:51:13","slug":"tarcisio-questiona-projetos-de-nunes-para-enchentes-na-zona-leste-de-sp","status":"publish","type":"post","link":"https:\/\/7ports.com.br\/?p=9161","title":{"rendered":"Tarc\u00edsio questiona projetos de Nunes para enchentes na zona leste de SP"},"content":{"rendered":"\n<p>Me deixou com d\u00favidas&#8217; Jardim Pantanal, que nasceu de ocupa\u00e7\u00e3o popular na v\u00e1rzea do Rio Tiet\u00ea, historicamente sofre com as chuvas; Munic\u00edpio e Estado dizem buscar solu\u00e7\u00e3o para o local<br>Giovanna Castro<br>4 fev<br>2025<\/p>\n\n\n\n<ul>\n<li>17h33<br>(atualizado \u00e0s 17h39)<br>Compartilhar<br>Exibir coment\u00e1rios<\/li>\n<\/ul>\n\n\n\n<p>Ap\u00f3s a Prefeitura de S\u00e3o Paulo divulgar tr\u00eas poss\u00edveis projetos para resolver o problema de enchentes no Jardim Pantanal, bairro do extremo leste da cidade que historicamente sofre com as chuvas, o governador Tarc\u00edsio de Freitas (Republicanos) afirmou que pretende estudar mais a fundo o problema e suas poss\u00edveis solu\u00e7\u00f5es.<\/p>\n\n\n\n<p>&#8220;Ontem (segunda-feira), tivemos uma reuni\u00e3o na Prefeitura e batemos algumas alternativas. O que foi apresentado me deixou com d\u00favidas. Todas elas me deixaram com d\u00favidas&#8221;, disse o governador.<\/p>\n\n\n\n<p>Not\u00edcias relacionadas<\/p>\n\n\n\n<p>Maior traficante de coca\u00edna do Brasil fez v\u00e1rias cirurgias pl\u00e1sticas para dificultar o reconhecimento, diz PF ap\u00f3s pris\u00e3o<\/p>\n\n\n\n<p>PE: homem sofre viol\u00eancia sexual em briga de torcidas no Recife<\/p>\n\n\n\n<p>Idoso que recebeu transfer\u00eancia de R$ 131 milh\u00f5es por engano e devolveu processa banco e pede recompensa; entenda<\/p>\n\n\n\n<p>PUBLICIDADE<\/p>\n\n\n\n<p>De acordo com Tarc\u00edsio, o que foi apresentado at\u00e9 ent\u00e3o pode gerar uma transfer\u00eancia do problema de alagamento para outros munic\u00edpios, como Guarulhos, que faz divisa com o Jardim Pantanal. Ele e o prefeito da capital paulista, Ricardo Nunes (MDB), falaram sobre o assunto em coletiva de imprensa nesta ter\u00e7a-feira, 4.<\/p>\n\n\n\n<p>Jardim Pantanal, na zona leste de S\u00e3o Paulo, ficou alagado ap\u00f3s as fortes chuvas que atingiram a regi\u00e3o metropolitana no fim de semana. O bairro, criado na \u00e1rea de v\u00e1rzea do Rio Tiet\u00ea, historicamente sofre com enchentes.<br>Foto: F\u00e1bio Vieira\/Estad\u00e3o \/ Estad\u00e3o<br>&#8220;\u00c9 preciso um grande estudo hidrol\u00f3gico ali. Quando voc\u00ea pensa nas solu\u00e7\u00f5es de engenharia, o pr\u00f3prio dique que foi citado, \u00e9 a melhor solu\u00e7\u00e3o? Qual \u00e9 a repercuss\u00e3o que o dique tem, por exemplo, em Guarulhos? Muitas vezes, voc\u00ea faz uma interven\u00e7\u00e3o aqui e empurra o problema para a jusante&#8221;, afirmou Tarc\u00edsio.<\/p>\n\n\n\n<p>O bairro Jardim Pantanal nasceu na d\u00e9cada de 1980, a partir de uma ocupa\u00e7\u00e3o popular na \u00e1rea de v\u00e1rzea do Rio Tiet\u00ea. Por isso, alaga sempre que h\u00e1 cheia do rio;<br>No local, o rio passa em seu estado &#8220;natural&#8221;, sem as conten\u00e7\u00f5es laterais que existem no trecho da Marginal Tiet\u00ea;<br>A popula\u00e7\u00e3o que trabalhava em S\u00e3o Paulo, mas n\u00e3o tinha condi\u00e7\u00f5es de comprar ou alugar um im\u00f3vel, encontrou naquela regi\u00e3o a oportunidade de levantar uma casa para morar. Hoje, j\u00e1 s\u00e3o cerca de 45 mil pessoas vivendo no bairro.<\/p>\n\n\n\n<p>PUBLICIDADE<\/p>\n\n\n\n<p>&#8220;Se a gente adotar, na press\u00e3o, uma solu\u00e7\u00e3o que seja simplista, provavelmente a gente vai dar uma resposta errada. E se a gente der a resposta errada, n\u00f3s vamos gastar dinheiro e n\u00e3o resolver a vida de ningu\u00e9m. Ent\u00e3o, a gente tem que ter cautela&#8221;, disse o governador de S\u00e3o Paulo.<\/p>\n\n\n\n<p>O prefeito Ricardo Nunes disse que Munic\u00edpio e Estado atuar\u00e3o juntos para tentar solucionar o problema. &#8220;Ontem (segunda-feira), o Tarc\u00edsio recebeu da nossa equipe t\u00e9cnica algumas op\u00e7\u00f5es, mas ainda tem muitas a\u00e7\u00f5es para a gente poder analisar e estudar. O importante \u00e9 que o Tarc\u00edsio vai estar junto no que a gente vier a apresentar sobre o Pantanal&#8221;, afirmou o prefeito.<\/p>\n\n\n\n<p>Tarc\u00edsio e Nunes estiveram juntos nesta ter\u00e7a-feira, 4, no canteiro de obras da esta\u00e7\u00e3o Brasil\u00e2ndia da Linha 6-Laranja. Na coletiva de imprensa, eles falaram sobre os planos para o Jardim Pantanal.<br>Foto: Werther Santana\/Estad\u00e3o \/ Estad\u00e3o<br>Nunes e Tarc\u00edsio n\u00e3o deram prazo para come\u00e7ar a agir na regi\u00e3o, nem mesmo para decidirem o que ser\u00e1 feito. Segundo o prefeito, novos estudos devem come\u00e7ar a ser feitos ap\u00f3s este per\u00edodo de chuvas, a partir de abril. Nesse momento, o foco tem sido a a\u00e7\u00e3o emergencial.<\/p>\n\n\n\n<p>Questionados sobre o que poderia ser feito para evitar ou minimizar novos epis\u00f3dios de enchentes na pr\u00f3xima temporada de chuvas, no fim de 2025 e come\u00e7o de 2026, Tarc\u00edsio e Nunes n\u00e3o souberam responder.<\/p>\n\n\n\n<p>Constru\u00e7\u00e3o de dique<br>Na segunda-feira, 3, Ricardo Nunes havia dito que n\u00e3o seria poss\u00edvel realizar obra de constru\u00e7\u00e3o de dique (estrutura de engenharia hidr\u00e1ulica que serve para controlar a \u00e1gua de rios e lagos), pois ela seria muito cara, na ordem de R$ 1 bilh\u00e3o. &#8220;D\u00e1 para fazer um dique, contornando todo o Rio Tiet\u00ea, para conter aquela regi\u00e3o? N\u00e3o d\u00e1 para fazer&#8221;, disse.<\/p>\n\n\n\n<p>Na ocasi\u00e3o, o prefeito afirmou que a solu\u00e7\u00e3o seria remover a popula\u00e7\u00e3o do local e demolir os im\u00f3veis que ali existem. Ele chegou a dizer que a Prefeitura estava planejando oferecer uma &#8220;ajuda financeira&#8221; de R$ 20 mil a R$ 50 mil aos moradores da regi\u00e3o, a depender da localiza\u00e7\u00e3o das suas casas, para que eles deixem o local.<\/p>\n\n\n\n<p>Por\u00e9m, entre os projetos apresentados nesta ter\u00e7a, aos quais o Estad\u00e3o teve acesso, o de constru\u00e7\u00e3o de dique era o mais barato. Outros projetos, que envolvem maior desapropria\u00e7\u00e3o, se aproximam dos R$ 2 bilh\u00f5es de valor total. Os documentos prop\u00f5em desde a constru\u00e7\u00e3o de um canal que desvia a \u00e1gua do rio, at\u00e9 a implementa\u00e7\u00e3o de um parque.<\/p>\n\n\n\n<p>Questionado sobre essas diferen\u00e7as na coletiva de imprensa, Nunes disse que ainda estavam &#8220;avaliando possibilidades&#8221; e que n\u00e3o h\u00e1 &#8220;nada definido&#8221;. Ele afirmou que, segundo as \u00faltimas pesquisas da Prefeitura, muitos im\u00f3veis no Jardim Pantanal s\u00e3o alugados, o que impactaria no plano de desapropria\u00e7\u00f5es.<\/p>\n\n\n\n<p>O Estad\u00e3o perguntou ao prefeito tamb\u00e9m sobre o que a sua gest\u00e3o tem planejado em rela\u00e7\u00e3o \u00e0 habita\u00e7\u00e3o, para evitar que novos casos como o do Jardim Pantanal aconte\u00e7am &#8211; e, at\u00e9, para prevenir que a popula\u00e7\u00e3o daquela regi\u00e3o construa em outros locais irregulares na cidade de S\u00e3o Paulo. Ele disse que ainda est\u00e3o estudando possibilidades para o bairro, especificamente.<\/p>\n\n\n\n<p>Compartilhar<br>TAGS<br>CIDADES<br>ELEI\u00c7\u00d5ES<br>NOT\u00cdCIAS<br>Fique por dentro das principais not\u00edcias<br>Ativar notifica\u00e7<\/p>\n\n\n\n<figure class=\"wp-block-embed\"><div class=\"wp-block-embed__wrapper\">\nhttps:\/\/www.terra.com.br\/noticias\/brasil\/cidades\/tarcisio-questiona-projetos-de-nunes-para-enchentes-na-zona-leste-de-sp-me-deixou-com-duvidas,3bc7fd62e831a5d316c01b8f4b13a87f81x4m0x3.html?utm_source=clipboard\n<\/div><\/figure>\n\n\n\n<ul>\n<li>17h33<br>(atualizado \u00e0s 17h39)<br>Compartilhar<br>Exibir coment\u00e1rios<\/li>\n<\/ul>\n\n\n\n<p>Ap\u00f3s a Prefeitura de S\u00e3o Paulo divulgar tr\u00eas poss\u00edveis projetos para resolver o problema de enchentes no Jardim Pantanal, bairro do extremo leste da cidade que historicamente sofre com as chuvas, o governador Tarc\u00edsio de Freitas (Republicanos) afirmou que pretende estudar mais a fundo o problema e suas poss\u00edveis solu\u00e7\u00f5es.<\/p>\n\n\n\n<p>&#8220;Ontem (segunda-feira), tivemos uma reuni\u00e3o na Prefeitura e batemos algumas alternativas. O que foi apresentado me deixou com d\u00favidas. Todas elas me deixaram com d\u00favidas&#8221;, disse o governador.<\/p>\n\n\n\n<p>Not\u00edcias relacionadas<\/p>\n\n\n\n<p>Maior traficante de coca\u00edna do Brasil fez v\u00e1rias cirurgias pl\u00e1sticas para dificultar o reconhecimento, diz PF ap\u00f3s pris\u00e3o<\/p>\n\n\n\n<p>PE: homem sofre viol\u00eancia sexual em briga de torcidas no Recife<\/p>\n\n\n\n<p>Idoso que recebeu transfer\u00eancia de R$ 131 milh\u00f5es por engano e devolveu processa banco e pede recompensa; entenda<\/p>\n\n\n\n<p>PUBLICIDADE<\/p>\n\n\n\n<p>De acordo com Tarc\u00edsio, o que foi apresentado at\u00e9 ent\u00e3o pode gerar uma transfer\u00eancia do problema de alagamento para outros munic\u00edpios, como Guarulhos, que faz divisa com o Jardim Pantanal. Ele e o prefeito da capital paulista, Ricardo Nunes (MDB), falaram sobre o assunto em coletiva de imprensa nesta ter\u00e7a-feira, 4.<\/p>\n\n\n\n<p>Jardim Pantanal, na zona leste de S\u00e3o Paulo, ficou alagado ap\u00f3s as fortes chuvas que atingiram a regi\u00e3o metropolitana no fim de semana. O bairro, criado na \u00e1rea de v\u00e1rzea do Rio Tiet\u00ea, historicamente sofre com enchentes.<br>Foto: F\u00e1bio Vieira\/Estad\u00e3o \/ Estad\u00e3o<br>&#8220;\u00c9 preciso um grande estudo hidrol\u00f3gico ali. Quando voc\u00ea pensa nas solu\u00e7\u00f5es de engenharia, o pr\u00f3prio dique que foi citado, \u00e9 a melhor solu\u00e7\u00e3o? Qual \u00e9 a repercuss\u00e3o que o dique tem, por exemplo, em Guarulhos? Muitas vezes, voc\u00ea faz uma interven\u00e7\u00e3o aqui e empurra o problema para a jusante&#8221;, afirmou Tarc\u00edsio.<\/p>\n\n\n\n<p>O bairro Jardim Pantanal nasceu na d\u00e9cada de 1980, a partir de uma ocupa\u00e7\u00e3o popular na \u00e1rea de v\u00e1rzea do Rio Tiet\u00ea. Por isso, alaga sempre que h\u00e1 cheia do rio;<br>No local, o rio passa em seu estado &#8220;natural&#8221;, sem as conten\u00e7\u00f5es laterais que existem no trecho da Marginal Tiet\u00ea;<br>A popula\u00e7\u00e3o que trabalhava em S\u00e3o Paulo, mas n\u00e3o tinha condi\u00e7\u00f5es de comprar ou alugar um im\u00f3vel, encontrou naquela regi\u00e3o a oportunidade de levantar uma casa para morar. Hoje, j\u00e1 s\u00e3o cerca de 45 mil pessoas vivendo no bairro.<\/p>\n\n\n\n<p>PUBLICIDADE<\/p>\n\n\n\n<p>&#8220;Se a gente adotar, na press\u00e3o, uma solu\u00e7\u00e3o que seja simplista, provavelmente a gente vai dar uma resposta errada. E se a gente der a resposta errada, n\u00f3s vamos gastar dinheiro e n\u00e3o resolver a vida de ningu\u00e9m. Ent\u00e3o, a gente tem que ter cautela&#8221;, disse o governador de S\u00e3o Paulo.<\/p>\n\n\n\n<p>O prefeito Ricardo Nunes disse que Munic\u00edpio e Estado atuar\u00e3o juntos para tentar solucionar o problema. &#8220;Ontem (segunda-feira), o Tarc\u00edsio recebeu da nossa equipe t\u00e9cnica algumas op\u00e7\u00f5es, mas ainda tem muitas a\u00e7\u00f5es para a gente poder analisar e estudar. O importante \u00e9 que o Tarc\u00edsio vai estar junto no que a gente vier a apresentar sobre o Pantanal&#8221;, afirmou o prefeito.<\/p>\n\n\n\n<p>Tarc\u00edsio e Nunes estiveram juntos nesta ter\u00e7a-feira, 4, no canteiro de obras da esta\u00e7\u00e3o Brasil\u00e2ndia da Linha 6-Laranja. Na coletiva de imprensa, eles falaram sobre os planos para o Jardim Pantanal.<br>Foto: Werther Santana\/Estad\u00e3o \/ Estad\u00e3o<br>Nunes e Tarc\u00edsio n\u00e3o deram prazo para come\u00e7ar a agir na regi\u00e3o, nem mesmo para decidirem o que ser\u00e1 feito. Segundo o prefeito, novos estudos devem come\u00e7ar a ser feitos ap\u00f3s este per\u00edodo de chuvas, a partir de abril. Nesse momento, o foco tem sido a a\u00e7\u00e3o emergencial.<\/p>\n\n\n\n<p>Questionados sobre o que poderia ser feito para evitar ou minimizar novos epis\u00f3dios de enchentes na pr\u00f3xima temporada de chuvas, no fim de 2025 e come\u00e7o de 2026, Tarc\u00edsio e Nunes n\u00e3o souberam responder.<\/p>\n\n\n\n<p>Constru\u00e7\u00e3o de dique<br>Na segunda-feira, 3, Ricardo Nunes havia dito que n\u00e3o seria poss\u00edvel realizar obra de constru\u00e7\u00e3o de dique (estrutura de engenharia hidr\u00e1ulica que serve para controlar a \u00e1gua de rios e lagos), pois ela seria muito cara, na ordem de R$ 1 bilh\u00e3o. &#8220;D\u00e1 para fazer um dique, contornando todo o Rio Tiet\u00ea, para conter aquela regi\u00e3o? N\u00e3o d\u00e1 para fazer&#8221;, disse.<\/p>\n\n\n\n<p>Na ocasi\u00e3o, o prefeito afirmou que a solu\u00e7\u00e3o seria remover a popula\u00e7\u00e3o do local e demolir os im\u00f3veis que ali existem. Ele chegou a dizer que a Prefeitura estava planejando oferecer uma &#8220;ajuda financeira&#8221; de R$ 20 mil a R$ 50 mil aos moradores da regi\u00e3o, a depender da localiza\u00e7\u00e3o das suas casas, para que eles deixem o local.<\/p>\n\n\n\n<p>Por\u00e9m, entre os projetos apresentados nesta ter\u00e7a, aos quais o Estad\u00e3o teve acesso, o de constru\u00e7\u00e3o de dique era o mais barato. Outros projetos, que envolvem maior desapropria\u00e7\u00e3o, se aproximam dos R$ 2 bilh\u00f5es de valor total. Os documentos prop\u00f5em desde a constru\u00e7\u00e3o de um canal que desvia a \u00e1gua do rio, at\u00e9 a implementa\u00e7\u00e3o de um parque.<\/p>\n\n\n\n<p>Questionado sobre essas diferen\u00e7as na coletiva de imprensa, Nunes disse que ainda estavam &#8220;avaliando possibilidades&#8221; e que n\u00e3o h\u00e1 &#8220;nada definido&#8221;. Ele afirmou que, segundo as \u00faltimas pesquisas da Prefeitura, muitos im\u00f3veis no Jardim Pantanal s\u00e3o alugados, o que impactaria no plano de desapropria\u00e7\u00f5es.<\/p>\n\n\n\n<p>O Estad\u00e3o perguntou ao prefeito tamb\u00e9m sobre o que a sua gest\u00e3o tem planejado em rela\u00e7\u00e3o \u00e0 habita\u00e7\u00e3o, para evitar que novos casos como o do Jardim Pantanal aconte\u00e7am &#8211; e, at\u00e9, para prevenir que a popula\u00e7\u00e3o daquela regi\u00e3o construa em outros locais irregulares na cidade de S\u00e3o Paulo. Ele disse que ainda est\u00e3o estudando possibilidades para o bairro, especificamente.<\/p>\n\n\n\n<p>Compartilhar<br>TAGS<br>CIDADES<br>ELEI\u00c7\u00d5ES<br>NOT\u00cdCIAS<br>Fique por dentro das principais not\u00edcias<br>Ativar notifica\u00e7<\/p>\n\n\n\n<figure class=\"wp-block-embed\"><div class=\"wp-block-embed__wrapper\">\nhttps:\/\/www.terra.com.br\/noticias\/brasil\/cidades\/tarcisio-questiona-projetos-de-nunes-para-enchentes-na-zona-leste-de-sp-me-deixou-com-duvidas,3bc7fd62e831a5d316c01b8f4b13a87f81x4m0x3.html?utm_source=clipboard\n<\/div><\/figure>\n","protected":false},"excerpt":{"rendered":"<p>Me deixou com d\u00favidas&#8217; Jardim Pantanal, que nasceu de ocupa\u00e7\u00e3o popular na v\u00e1rzea do Rio Tiet\u00ea, historicamente sofre com as chuvas; Munic\u00edpio e Estado dizem buscar solu\u00e7\u00e3o para o localGiovanna<\/p>\n","protected":false},"author":1,"featured_media":9162,"comment_status":"closed","ping_status":"closed","sticky":false,"template":"","format":"standard","meta":[],"categories":[1],"tags":[],"_links":{"self":[{"href":"https:\/\/7ports.com.br\/index.php?rest_route=\/wp\/v2\/posts\/9161"}],"collection":[{"href":"https:\/\/7ports.com.br\/index.php?rest_route=\/wp\/v2\/posts"}],"about":[{"href":"https:\/\/7ports.com.br\/index.php?rest_route=\/wp\/v2\/types\/post"}],"author":[{"embeddable":true,"href":"https:\/\/7ports.com.br\/index.php?rest_route=\/wp\/v2\/users\/1"}],"replies":[{"embeddable":true,"href":"https:\/\/7ports.com.br\/index.php?rest_route=%2Fwp%2Fv2%2Fcomments&post=9161"}],"version-history":[{"count":1,"href":"https:\/\/7ports.com.br\/index.php?rest_route=\/wp\/v2\/posts\/9161\/revisions"}],"predecessor-version":[{"id":9163,"href":"https:\/\/7ports.com.br\/index.php?rest_route=\/wp\/v2\/posts\/9161\/revisions\/9163"}],"wp:featuredmedia":[{"embeddable":true,"href":"https:\/\/7ports.com.br\/index.php?rest_route=\/wp\/v2\/media\/9162"}],"wp:attachment":[{"href":"https:\/\/7ports.com.br\/index.php?rest_route=%2Fwp%2Fv2%2Fmedia&parent=9161"}],"wp:term":[{"taxonomy":"category","embeddable":true,"href":"https:\/\/7ports.com.br\/index.php?rest_route=%2Fwp%2Fv2%2Fcategories&post=9161"},{"taxonomy":"post_tag","embeddable":true,"href":"https:\/\/7ports.com.br\/index.php?rest_route=%2Fwp%2Fv2%2Ftags&post=9161"}],"curies":[{"name":"wp","href":"https:\/\/api.w.org\/{rel}","templated":true}]}}