
{"id":9174,"date":"2025-02-08T07:58:45","date_gmt":"2025-02-08T10:58:45","guid":{"rendered":"https:\/\/7ports.com.br\/?p=9174"},"modified":"2025-02-08T08:13:19","modified_gmt":"2025-02-08T11:13:19","slug":"lula-e-bolsonaro-vao-protagonizar-eleicoes-de-2026-diz-motta","status":"publish","type":"post","link":"https:\/\/7ports.com.br\/?p=9174","title":{"rendered":"Lula e Bolsonaro v\u00e3o protagonizar elei\u00e7\u00f5es de 2026, diz Motta&#8230;"},"content":{"rendered":"\n<p>Deputado diz que nomes menos polarizados s\u00f3 ter\u00e3o for\u00e7a em 2030 e cita Tarc\u00edsio como op\u00e7\u00e3o caso o ex-presidente siga ineleg\u00edvel&#8230;<\/p>\n\n\n\n<p>O presidente da C\u00e2mara dos Deputados, Hugo Motta (Republicanos-PB), disse nesta 6\u00aa feira (7.fev.2025) \u00e0 r\u00e1dio Arapuan FM que as elei\u00e7\u00f5es presidenciais de 2026 devem ter o presidente Luiz In\u00e1cio Lula da Silva (PT) e o ex-presidente Jair Bolsonaro (PL) protagonizando a disputa.&nbsp; Bolsonaro continua ineleg\u00edvel por ter cometido o crime de \u201cabuso de poder pol\u00edtico\u201d e \u201cuso indevido dos meios de comunica\u00e7\u00e3o\u201d. Assim, caso ele continue incapaz de disputar o pleito, Motta projeta o governador de S\u00e3o Paulo, Tarc\u00edsio Freitas (Republicanos), como poss\u00edvel alternativa da oposi\u00e7\u00e3o.&nbsp; &#8230;<\/p>\n\n\n\n<p>Leia mais no texto original: (https:\/\/www.poder360.com.br\/poder-congresso\/lula-e-bolsonaro-vao-protagonizar-eleicoes-de-2026-diz-motta\/)<br>\u00a9 2025 Todos os direitos s\u00e3o reservados ao Poder360, conforme a Lei n\u00ba 9.610\/98. A publica\u00e7\u00e3o, redistribui\u00e7\u00e3o, transmiss\u00e3o e reescrita sem autoriza\u00e7\u00e3o pr\u00e9via s\u00e3o proibidas.<\/p>\n\n\n\n<p>Leia mais no texto original: (https:\/\/www.poder360.com.br\/poder-congresso\/lula-e-bolsonaro-vao-protagonizar-eleicoes-de-2026-diz-motta\/)<br>\u00a9 2025 Todos os direitos s\u00e3o reservados ao Poder360, conforme a Lei n\u00ba 9.610\/98. A publica\u00e7\u00e3o, redistribui\u00e7\u00e3o, transmiss\u00e3o e reescrita sem autoriza\u00e7\u00e3o pr\u00e9via s\u00e3o proibidas.<\/p>\n\n\n\n<p>Leia mais no texto original: (https:\/\/www.poder360.com.br\/poder-congresso\/lula-e-bolsonaro-vao-protagonizar-eleicoes-de-2026-diz-motta\/)<br>\u00a9 2025 Todos os direitos s\u00e3o reservados ao Poder360, conforme a Lei n\u00ba 9.610\/98. A publica\u00e7\u00e3o, redistribui\u00e7\u00e3o, transmiss\u00e3o e reescrita sem autoriza\u00e7\u00e3o pr\u00e9via s\u00e3o proibidas.<\/p>\n\n\n\n<p><\/p>\n\n\n\n<p><\/p>\n\n\n\n<p>Leia mais no texto original: (https:\/\/www.poder360.com.br\/poder-congresso\/lula-e-bolsonaro-vao-protagonizar-eleicoes-de-2026-diz-motta\/)<br>\u00a9 2025 Todos os direitos s\u00e3o reservados ao Poder360, conforme a Lei n\u00ba 9.610\/98. A publica\u00e7\u00e3o, redistribui\u00e7\u00e3o, transmiss\u00e3o e reescrita sem autoriza\u00e7\u00e3o pr\u00e9via s\u00e3o proibidas.<\/p>\n","protected":false},"excerpt":{"rendered":"<p>Deputado diz que nomes menos polarizados s\u00f3 ter\u00e3o for\u00e7a em 2030 e cita Tarc\u00edsio como op\u00e7\u00e3o caso o ex-presidente siga ineleg\u00edvel&#8230; O presidente da C\u00e2mara dos Deputados, Hugo Motta (Republicanos-PB),<\/p>\n","protected":false},"author":1,"featured_media":9175,"comment_status":"closed","ping_status":"closed","sticky":false,"template":"","format":"standard","meta":[],"categories":[1],"tags":[],"_links":{"self":[{"href":"https:\/\/7ports.com.br\/index.php?rest_route=\/wp\/v2\/posts\/9174"}],"collection":[{"href":"https:\/\/7ports.com.br\/index.php?rest_route=\/wp\/v2\/posts"}],"about":[{"href":"https:\/\/7ports.com.br\/index.php?rest_route=\/wp\/v2\/types\/post"}],"author":[{"embeddable":true,"href":"https:\/\/7ports.com.br\/index.php?rest_route=\/wp\/v2\/users\/1"}],"replies":[{"embeddable":true,"href":"https:\/\/7ports.com.br\/index.php?rest_route=%2Fwp%2Fv2%2Fcomments&post=9174"}],"version-history":[{"count":1,"href":"https:\/\/7ports.com.br\/index.php?rest_route=\/wp\/v2\/posts\/9174\/revisions"}],"predecessor-version":[{"id":9176,"href":"https:\/\/7ports.com.br\/index.php?rest_route=\/wp\/v2\/posts\/9174\/revisions\/9176"}],"wp:featuredmedia":[{"embeddable":true,"href":"https:\/\/7ports.com.br\/index.php?rest_route=\/wp\/v2\/media\/9175"}],"wp:attachment":[{"href":"https:\/\/7ports.com.br\/index.php?rest_route=%2Fwp%2Fv2%2Fmedia&parent=9174"}],"wp:term":[{"taxonomy":"category","embeddable":true,"href":"https:\/\/7ports.com.br\/index.php?rest_route=%2Fwp%2Fv2%2Fcategories&post=9174"},{"taxonomy":"post_tag","embeddable":true,"href":"https:\/\/7ports.com.br\/index.php?rest_route=%2Fwp%2Fv2%2Ftags&post=9174"}],"curies":[{"name":"wp","href":"https:\/\/api.w.org\/{rel}","templated":true}]}}