
{"id":9219,"date":"2025-02-17T12:07:52","date_gmt":"2025-02-17T15:07:52","guid":{"rendered":"https:\/\/7ports.com.br\/?p=9219"},"modified":"2025-02-17T12:10:52","modified_gmt":"2025-02-17T15:10:52","slug":"desgoverno-do-rj-apelida-falta-de-seguranca-como-ataque-terrorista","status":"publish","type":"post","link":"https:\/\/7ports.com.br\/?p=9219","title":{"rendered":"Desgoverno do RJ, apelida falta de seguran\u00e7a, como ataque terrorista."},"content":{"rendered":"\n<h1 class=\"wp-block-heading\">RJ: \u201cResposta ser\u00e1 dura\u201d, diz governador ap\u00f3s ataque \u00e0 delegacia<\/h1>\n\n\n\n<p>O atentado aconteceu na noite do \u00faltimo s\u00e1bado (15), ap\u00f3s a unidade prender um dos chefes do tr\u00e1fico da comunidade &#8216;Vai Quem Quer&#8217;<\/p>\n\n\n\n<p><a href=\"https:\/\/www.cnnbrasil.com.br\/autor\/alan-cardoso\/\">Alan Cardoso<\/a>da CNN*&nbsp;, S\u00e3o Paulo16\/02\/2025 \u00e0s 20:01 | Atualizado 16\/02\/2025 \u00e0s 20:12<\/p>\n\n\n\n<ul>\n<li><img decoding=\"async\" src=\"https:\/\/www.cnnbrasil.com.br\/wp-content\/uploads\/sites\/12\/2025\/02\/WhatsApp-Image-2025-02-16-at-08.12.53-e1739705355723.jpeg?w=880\" alt=\"\"> O Ataque ocorreu na 60\u00aa DP na noite do \u00faltimo s\u00e1bado (15) \u2022&nbsp;Reprodu\u00e7\u00e3o<\/li>\n\n\n\n<li><img decoding=\"async\" src=\"https:\/\/www.cnnbrasil.com.br\/wp-content\/uploads\/sites\/12\/2025\/02\/6_f3acf5.jpg?w=880\" alt=\"\">Trocar imagemTrocar imagemAtaque ocorreu na 60\u00aa DP na noite do \u00faltimo s\u00e1bado (15) \u2022&nbsp;Reprodu\u00e7\u00e3o<\/li>\n\n\n\n<li><img decoding=\"async\" src=\"https:\/\/www.cnnbrasil.com.br\/wp-content\/uploads\/sites\/12\/2025\/02\/1_8a323a.jpg?w=880\" alt=\"\">Trocar imagemTrocar imagemTrocar imagemAtaque ocorreu na 60\u00aa DP na noite do \u00faltimo s\u00e1bado (15) \u2022&nbsp;Reprodu\u00e7\u00e3o<\/li>\n\n\n\n<li>Trocar imagemTrocar imagem<\/li>\n\n\n\n<li><img decoding=\"async\" src=\"https:\/\/www.cnnbrasil.com.br\/wp-content\/uploads\/sites\/12\/2025\/02\/5_4c0fd3.jpg?w=880\" alt=\"\">Trocar imagemTrocar imagemTrocar imagemAtaque ocorreu na 60\u00aa DP na noite do \u00faltimo s\u00e1bado (15) \u2022&nbsp;Reprodu\u00e7\u00e3o<\/li>\n\n\n\n<li><img decoding=\"async\" src=\"https:\/\/www.cnnbrasil.com.br\/wp-content\/uploads\/sites\/12\/2025\/02\/4_85cae0.jpg?w=880\" alt=\"\">Trocar imagemTrocar imagemAtaque ocorreu na 60\u00aa DP na noite do \u00faltimo s\u00e1bado (15) \u2022&nbsp;Reprodu\u00e7\u00e3o<\/li>\n\n\n\n<li><img decoding=\"async\" src=\"https:\/\/www.cnnbrasil.com.br\/wp-content\/uploads\/sites\/12\/2025\/02\/2_479933.jpg?w=880\" alt=\"\"><\/li>\n<\/ul>\n\n\n\n<ul>\n<li><img decoding=\"async\" src=\"https:\/\/www.cnnbrasil.com.br\/wp-content\/uploads\/sites\/12\/2025\/02\/WhatsApp-Image-2025-02-16-at-08.12.53-e1739705355723.jpeg?w=194\" alt=\"\"><\/li>\n\n\n\n<li><img decoding=\"async\" src=\"https:\/\/www.cnnbrasil.com.br\/wp-content\/uploads\/sites\/12\/2025\/02\/6_f3acf5.jpg?w=194\" alt=\"\"><\/li>\n\n\n\n<li><img decoding=\"async\" src=\"https:\/\/www.cnnbrasil.com.br\/wp-content\/uploads\/sites\/12\/2025\/02\/1_8a323a.jpg?w=194\" alt=\"\"><\/li>\n\n\n\n<li><img decoding=\"async\" src=\"https:\/\/www.cnnbrasil.com.br\/wp-content\/uploads\/sites\/12\/2025\/02\/5_4c0fd3.jpg?w=194\" alt=\"\"><\/li>\n\n\n\n<li><img decoding=\"async\" src=\"https:\/\/www.cnnbrasil.com.br\/wp-content\/uploads\/sites\/12\/2025\/02\/4_85cae0.jpg?w=194\" alt=\"\"><\/li>\n\n\n\n<li><img decoding=\"async\" src=\"https:\/\/www.cnnbrasil.com.br\/wp-content\/uploads\/sites\/12\/2025\/02\/2_479933.jpg?w=194\" alt=\"\"><a rel=\"noreferrer noopener\" href=\"https:\/\/www.facebook.com\/sharer\/sharer.php?u=https:\/\/www.cnnbrasil.com.br\/nacional\/sudeste\/rj\/rj-resposta-sera-dura-diz-governador-apos-ataque-a-delegacia\/\" target=\"_blank\"><\/a><\/li>\n<\/ul>\n\n\n\n<p>O&nbsp;<strong>governador do Rio de Janeiro, Cl\u00e1udio Castro,<\/strong>&nbsp;afirmou neste domingo (16), que o&nbsp;<strong>ataque \u00e0 delegacia em Duque de Caxias \u201cn\u00e3o vai ficar por isso mesmo\u201d<\/strong>, e que \u201c<strong>a resposta ser\u00e1 dura e na mesma propor\u00e7\u00e3o\u201d.<\/strong><\/p>\n\n\n\n<p>O&nbsp;<a href=\"https:\/\/www.cnnbrasil.com.br\/nacional\/sudeste\/rj\/delegacia-e-metralhada-apos-criminosos-tentarem-resgatar-chefe-do-trafico\/\" target=\"_blank\" rel=\"noreferrer noopener\">ataque aconteceu na noite do \u00faltimo s\u00e1bado (15),<\/a>&nbsp;ap\u00f3s a unidade prender Rodolfo Manh\u00e3es Viana, conhecido como Rato, um dos chefes do tr\u00e1fico da comunidade Vai Quem Quer, e o comparsa Wesley de Souza.<\/p>\n\n\n\n<p>Claudio Castro&nbsp;<strong>classificou a a\u00e7\u00e3o como terrorista e<\/strong>&nbsp;<strong>tamb\u00e9m criticou a sa\u00edda tempor\u00e1ria de criminosos presos<\/strong>, motivo que libertou um dos envolvidos na invas\u00e3o \u00e0 delegacia no dia 18 de outubro de 2019.&nbsp;<strong>\u201cGanhou de presente uma saidinha e nunca mais voltou.<\/strong><\/p>\n\n\n\n<p>O governador teceu cr\u00edticas e disparou: \u201cE j\u00e1 vou avisando \u00e0 turminha dos \u201cdireitos humanos\u201d, n\u00e3o encham o meu saco\u201d, concluiu.<\/p>\n\n\n\n<h2 class=\"wp-block-heading\">Leia Mais<\/h2>\n\n\n\n<ul>\n<li><a href=\"https:\/\/www.cnnbrasil.com.br\/nacional\/sudeste\/rj\/policial-relata-momentos-de-terror-na-delegacia-fuzilada-no-rj\/\">Policial relata momentos de terror na delegacia fuzilada no RJ<\/a><\/li>\n\n\n\n<li><a href=\"https:\/\/www.cnnbrasil.com.br\/nacional\/sudeste\/rj\/veja-o-momento-em-que-delegacia-e-atacada-a-tiros-no-rj\/\">Veja o momento em que delegacia \u00e9 atacada a tiros no RJ<\/a><\/li>\n\n\n\n<li><a href=\"https:\/\/www.cnnbrasil.com.br\/nacional\/sudeste\/rj\/policiais-baleados-durante-ataque-a-delegacia-no-rj-ja-sairam-do-hospital\/\">Policiais baleados durante ataque a delegacia no RJ j\u00e1 sa\u00edram do hospital<\/a><\/li>\n<\/ul>\n\n\n\n<p>O&nbsp;<a href=\"https:\/\/www.cnnbrasil.com.br\/nacional\/sudeste\/rj\/a-resposta-sera-dada-a-altura-diz-secretario-apos-ataque-a-delegacia\/\" target=\"_blank\" rel=\"noreferrer noopener\">secret\u00e1rio de Pol\u00edcia Civil do Rio de Janeiro, Felipe Curi, tamb\u00e9m afirmou que dar\u00e1 uma resposta \u00e0 altura.<\/a>&nbsp;\u201cEsse ataque foi a toda seguran\u00e7a p\u00fablica do Rio de Janeiro. Essa a\u00e7\u00e3o n\u00e3o vai ficar impune. Toda a seguran\u00e7a p\u00fablica vai se empenhar diariamente at\u00e9 que todos os respons\u00e1veis sejam capturados. A resposta ser\u00e1 dada a altura\u201d, prometeu Curi.Play Video<\/p>\n\n\n\n<h2 class=\"wp-block-heading\">Relembre o caso<\/h2>\n\n\n\n<p><a href=\"https:\/\/www.cnnbrasil.com.br\/nacional\/sudeste\/rj\/delegacia-metralhada-no-rj-4-criminosos-sao-presos-e-1-bandido-e-morto\/\" target=\"_blank\" rel=\"noreferrer noopener\">Criminosos fortemente armados metralharam a delegacia de Campos El\u00edsios (60\u00aaDP), em Duque de Caxias,<\/a>&nbsp;na Baixada Fluminense, na noite do \u00faltimo s\u00e1bado (15).<\/p>\n\n\n\n<p>Eles estavam tentando resgatar Rodolfo Manh\u00e3es Viana, conhecido como Rato, um dos chefes do tr\u00e1fico da comunidade Vai Quem Quer, que tinha sido preso junto com Wesley de Souza do Esp\u00edrito Santo.<\/p>\n\n\n\n<p>\u201cNo in\u00edcio da noite, sob o comando de Joab da Concei\u00e7\u00e3o Silva, uma das lideran\u00e7as da fac\u00e7\u00e3o, dezenas de narcoterroristas entraram na delegacia na tentativa de resgatar os comparsas, que j\u00e1 haviam sido transferidos para a sede da Divis\u00e3o de Capturas e Pol\u00edcia Interestadual (DC-Polinter), na Cidade da Pol\u00edcia. Houve intensa troca de tiros entre os policiais e os criminosos\u201d, diz a Pol\u00edcia Civil.<\/p>\n\n\n\n<p><a href=\"https:\/\/www.cnnbrasil.com.br\/nacional\/sudeste\/rj\/policiais-baleados-durante-ataque-a-delegacia-no-rj-ja-sairam-do-hospital\/#goog_rewarded\" target=\"_blank\" rel=\"noreferrer noopener\">Dois policiais ficaram feridos<\/a>&nbsp;e foram socorridos para o Hospital Ad\u00e3o Pereira Nunes. Ambos j\u00e1 receberam alta m\u00e9dica.<\/p>\n\n\n\n<p>A Pol\u00edcia Civil informa que est\u00e1 solicitando a transfer\u00eancia dos dois presos para pres\u00eddio federal. \u201cNeste momento,&nbsp;<a href=\"https:\/\/www.cnnbrasil.com.br\/nacional\/sudeste\/rj\/policia-faz-operacao-para-achar-criminosos-que-metralharam-delegacia-no-rj\/\" target=\"_blank\" rel=\"noreferrer noopener\">a Pol\u00edcia Civil realiza opera\u00e7\u00e3o nas comunidades Vai Quem Quer<\/a>, Rua 7, Santa L\u00facia e Rodrigues Alves, em Duque de Caxias, para localizar e capturar os envolvidos no ataque, sem preju\u00edzo de outras a\u00e7\u00f5es a qualquer hora e em qualquer lugar\u201d, diz a corpora\u00e7\u00e3o.<\/p>\n","protected":false},"excerpt":{"rendered":"<p>RJ: \u201cResposta ser\u00e1 dura\u201d, diz governador ap\u00f3s ataque \u00e0 delegacia O atentado aconteceu na noite do \u00faltimo s\u00e1bado (15), ap\u00f3s a unidade prender um dos chefes do tr\u00e1fico da comunidade<\/p>\n","protected":false},"author":1,"featured_media":9221,"comment_status":"closed","ping_status":"closed","sticky":false,"template":"","format":"standard","meta":[],"categories":[1],"tags":[],"_links":{"self":[{"href":"https:\/\/7ports.com.br\/index.php?rest_route=\/wp\/v2\/posts\/9219"}],"collection":[{"href":"https:\/\/7ports.com.br\/index.php?rest_route=\/wp\/v2\/posts"}],"about":[{"href":"https:\/\/7ports.com.br\/index.php?rest_route=\/wp\/v2\/types\/post"}],"author":[{"embeddable":true,"href":"https:\/\/7ports.com.br\/index.php?rest_route=\/wp\/v2\/users\/1"}],"replies":[{"embeddable":true,"href":"https:\/\/7ports.com.br\/index.php?rest_route=%2Fwp%2Fv2%2Fcomments&post=9219"}],"version-history":[{"count":2,"href":"https:\/\/7ports.com.br\/index.php?rest_route=\/wp\/v2\/posts\/9219\/revisions"}],"predecessor-version":[{"id":9222,"href":"https:\/\/7ports.com.br\/index.php?rest_route=\/wp\/v2\/posts\/9219\/revisions\/9222"}],"wp:featuredmedia":[{"embeddable":true,"href":"https:\/\/7ports.com.br\/index.php?rest_route=\/wp\/v2\/media\/9221"}],"wp:attachment":[{"href":"https:\/\/7ports.com.br\/index.php?rest_route=%2Fwp%2Fv2%2Fmedia&parent=9219"}],"wp:term":[{"taxonomy":"category","embeddable":true,"href":"https:\/\/7ports.com.br\/index.php?rest_route=%2Fwp%2Fv2%2Fcategories&post=9219"},{"taxonomy":"post_tag","embeddable":true,"href":"https:\/\/7ports.com.br\/index.php?rest_route=%2Fwp%2Fv2%2Ftags&post=9219"}],"curies":[{"name":"wp","href":"https:\/\/api.w.org\/{rel}","templated":true}]}}