
{"id":9236,"date":"2025-02-26T23:10:08","date_gmt":"2025-02-27T02:10:08","guid":{"rendered":"https:\/\/7ports.com.br\/?p=9236"},"modified":"2025-02-26T23:15:58","modified_gmt":"2025-02-27T02:15:58","slug":"3-razoes-por-que-direita-alcancou-melhor-resultado-eleitoral-na-alemanha","status":"publish","type":"post","link":"https:\/\/7ports.com.br\/?p=9236","title":{"rendered":"Por que direita alcan\u00e7ou melhor resultado eleitoral na Alemanha"},"content":{"rendered":"\n<h1 class=\"wp-block-heading\" id=\"content\">3 raz\u00f5es por que direita radical alcan\u00e7ou melhor resultado eleitoral na Alemanha desde a 2\u00aa Guerra<\/h1>\n\n\n\n<figure class=\"wp-block-image\"><img decoding=\"async\" src=\"https:\/\/ichef.bbci.co.uk\/ace\/ws\/640\/cpsprodpb\/3e41\/live\/b9a35000-f2cd-11ef-ac99-91c4861fe93d.jpg.webp\" alt=\"Alice Weidel.\"\/><figcaption class=\"wp-element-caption\">Legenda da foto,Alice Weidel, l\u00edder do AfD.<\/figcaption><\/figure>\n\n\n\n<p><strong>Article information<\/strong><\/p>\n\n\n\n<ul>\n<li>Author,<strong>Da BBC News Mundo<\/strong><\/li>\n\n\n\n<li>Role,<strong><\/strong><\/li>\n\n\n\n<li>25 fevereiro 2025<\/li>\n<\/ul>\n\n\n\n<p>Um&nbsp;<a href=\"https:\/\/www.bbc.com\/portuguese\/articles\/cx28v597pelo\">avan\u00e7o sem precedentes<\/a>&nbsp;da direita radical na Alemanha.<\/p>\n\n\n\n<p>Essa \u00e9 uma das leituras dadas pelas elei\u00e7\u00f5es deste domingo no pa\u00eds europeu e que deixa o partido nacionalista&nbsp;<a href=\"https:\/\/www.bbc.com\/portuguese\/articles\/cg4ky0r709go\">Alternativa para a Alemanha (AfD)<\/a>&nbsp;posicionado como a segunda for\u00e7a pol\u00edtica.<\/p>\n\n\n\n<p>O pr\u00f3prio servi\u00e7o de intelig\u00eancia interno da Alemanha descreveu o partido como &#8220;anticonstitucional&#8221; e os seus advers\u00e1rios como &#8220;radicais&#8221;, &#8220;racistas&#8221; e &#8220;antidemocr\u00e1ticos&#8221;.<\/p>\n\n\n\n<p><a href=\"https:\/\/www.bbc.com\/portuguese\/articles\/cly37545nj0o\">Friedrich Merz, o l\u00edder conservador<\/a>&nbsp;que obteve mais votos para ser o pr\u00f3ximo chanceler alem\u00e3o, j\u00e1 descartou a possibilidade de formar um governo com eles.<\/p>\n\n\n\n<p><a href=\"https:\/\/www.bbc.com\/usingthebbc\/cookies\/\">Advertisement<\/a><\/p>\n\n\n\n<p>No entanto, emergiu como uma for\u00e7a capaz de afetar os alicerces do pa\u00eds e de uma Europa agora na corda bamba no<a href=\"https:\/\/www.bbc.com\/portuguese\/articles\/crmjndm0e07o\">&nbsp;contexto internacional<\/a>&nbsp;ap\u00f3s a chegada de Donald Trump \u00e0 Casa Branca.<\/p>\n\n\n\n<p><a href=\"https:\/\/www.bbc.com\/portuguese\/articles\/c93n8x31k2lo#end-of-recommendations\">Pule Mat\u00e9rias recomendadas e continue lendo<\/a><\/p>\n\n\n\n<p><strong>Mat\u00e9rias recomendadas<\/strong><\/p>\n\n\n\n<ul>\n<li><img decoding=\"async\" loading=\"lazy\" alt=\"Alice Weidel\" width=\"1024\" height=\"683\" srcset=\"https:\/\/ichef.bbci.co.uk\/ace\/ws\/70\/cpsprodpb\/9aa3\/live\/4c225a20-ef95-11ef-a319-fb4e7360c4ec.jpg 70w, https:\/\/ichef.bbci.co.uk\/ace\/ws\/95\/cpsprodpb\/9aa3\/live\/4c225a20-ef95-11ef-a319-fb4e7360c4ec.jpg 95w, https:\/\/ichef.bbci.co.uk\/ace\/ws\/144\/cpsprodpb\/9aa3\/live\/4c225a20-ef95-11ef-a319-fb4e7360c4ec.jpg 144w, https:\/\/ichef.bbci.co.uk\/ace\/ws\/183\/cpsprodpb\/9aa3\/live\/4c225a20-ef95-11ef-a319-fb4e7360c4ec.jpg 183w, https:\/\/ichef.bbci.co.uk\/ace\/ws\/240\/cpsprodpb\/9aa3\/live\/4c225a20-ef95-11ef-a319-fb4e7360c4ec.jpg 240w, https:\/\/ichef.bbci.co.uk\/ace\/ws\/320\/cpsprodpb\/9aa3\/live\/4c225a20-ef95-11ef-a319-fb4e7360c4ec.jpg 320w, https:\/\/ichef.bbci.co.uk\/ace\/ws\/660\/cpsprodpb\/9aa3\/live\/4c225a20-ef95-11ef-a319-fb4e7360c4ec.jpg 660w\" src=\"https:\/\/ichef.bbci.co.uk\/ace\/ws\/660\/cpsprodpb\/9aa3\/live\/4c225a20-ef95-11ef-a319-fb4e7360c4ec.jpg.webp\"><a href=\"https:\/\/www.bbc.com\/portuguese\/articles\/cg4ky0r709go\">L\u00e9sbica, PhD, pr\u00f3-deporta\u00e7\u00e3o de &#8216;n\u00e3o assimilados&#8217;: quem \u00e9 a cara da direita radical em ascens\u00e3o na Alemanha<\/a><\/li>\n\n\n\n<li><img decoding=\"async\" loading=\"lazy\" alt=\"Colagem mostra Friedrich Merz tendo como pano de fundo uma bandeira alem\u00e3\" width=\"1920\" height=\"1089\" srcset=\"https:\/\/ichef.bbci.co.uk\/ace\/ws\/70\/cpsprodpb\/ad3f\/live\/bbef7790-e4a3-11ef-a819-277e390a7a08.png 70w, https:\/\/ichef.bbci.co.uk\/ace\/ws\/95\/cpsprodpb\/ad3f\/live\/bbef7790-e4a3-11ef-a819-277e390a7a08.png 95w, https:\/\/ichef.bbci.co.uk\/ace\/ws\/144\/cpsprodpb\/ad3f\/live\/bbef7790-e4a3-11ef-a819-277e390a7a08.png 144w, https:\/\/ichef.bbci.co.uk\/ace\/ws\/183\/cpsprodpb\/ad3f\/live\/bbef7790-e4a3-11ef-a819-277e390a7a08.png 183w, https:\/\/ichef.bbci.co.uk\/ace\/ws\/240\/cpsprodpb\/ad3f\/live\/bbef7790-e4a3-11ef-a819-277e390a7a08.png 240w, https:\/\/ichef.bbci.co.uk\/ace\/ws\/320\/cpsprodpb\/ad3f\/live\/bbef7790-e4a3-11ef-a819-277e390a7a08.png 320w, https:\/\/ichef.bbci.co.uk\/ace\/ws\/660\/cpsprodpb\/ad3f\/live\/bbef7790-e4a3-11ef-a819-277e390a7a08.png 660w\" src=\"https:\/\/ichef.bbci.co.uk\/ace\/ws\/660\/cpsprodpb\/ad3f\/live\/bbef7790-e4a3-11ef-a819-277e390a7a08.png.webp\"><a href=\"https:\/\/www.bbc.com\/portuguese\/articles\/cly37545nj0o\">Quem \u00e9 Friedrich Merz, o rival de Merkel que caminha para ser novo premi\u00ea da Alemanha<\/a><\/li>\n\n\n\n<li><img decoding=\"async\" loading=\"lazy\" alt=\"Friedrich Merz\" width=\"950\" height=\"534\" srcset=\"https:\/\/ichef.bbci.co.uk\/ace\/ws\/70\/cpsprodpb\/3f78\/live\/265c76d0-f289-11ef-9e61-71ee71f26eb1.jpg 70w, https:\/\/ichef.bbci.co.uk\/ace\/ws\/95\/cpsprodpb\/3f78\/live\/265c76d0-f289-11ef-9e61-71ee71f26eb1.jpg 95w, https:\/\/ichef.bbci.co.uk\/ace\/ws\/144\/cpsprodpb\/3f78\/live\/265c76d0-f289-11ef-9e61-71ee71f26eb1.jpg 144w, https:\/\/ichef.bbci.co.uk\/ace\/ws\/183\/cpsprodpb\/3f78\/live\/265c76d0-f289-11ef-9e61-71ee71f26eb1.jpg 183w, https:\/\/ichef.bbci.co.uk\/ace\/ws\/240\/cpsprodpb\/3f78\/live\/265c76d0-f289-11ef-9e61-71ee71f26eb1.jpg 240w, https:\/\/ichef.bbci.co.uk\/ace\/ws\/320\/cpsprodpb\/3f78\/live\/265c76d0-f289-11ef-9e61-71ee71f26eb1.jpg 320w, https:\/\/ichef.bbci.co.uk\/ace\/ws\/660\/cpsprodpb\/3f78\/live\/265c76d0-f289-11ef-9e61-71ee71f26eb1.jpg 660w\" src=\"https:\/\/ichef.bbci.co.uk\/ace\/ws\/660\/cpsprodpb\/3f78\/live\/265c76d0-f289-11ef-9e61-71ee71f26eb1.jpg.webp\"><a href=\"https:\/\/www.bbc.com\/portuguese\/articles\/crmjndm0e07o\">As inesperadas declara\u00e7\u00f5es de vencedor de elei\u00e7\u00e3o na Alemanha que indicam mudan\u00e7a gigantesca na rela\u00e7\u00e3o com EUA<\/a><\/li>\n\n\n\n<li><img decoding=\"async\" loading=\"lazy\" alt=\"Trump e Putin apertando as m\u00e3os, sentados em sal\u00e3o\" width=\"1200\" height=\"800\" srcset=\"https:\/\/ichef.bbci.co.uk\/ace\/ws\/70\/cpsprodpb\/823e\/live\/9a5e3180-e29a-11ef-a819-277e390a7a08.jpg 70w, https:\/\/ichef.bbci.co.uk\/ace\/ws\/95\/cpsprodpb\/823e\/live\/9a5e3180-e29a-11ef-a819-277e390a7a08.jpg 95w, https:\/\/ichef.bbci.co.uk\/ace\/ws\/144\/cpsprodpb\/823e\/live\/9a5e3180-e29a-11ef-a819-277e390a7a08.jpg 144w, https:\/\/ichef.bbci.co.uk\/ace\/ws\/183\/cpsprodpb\/823e\/live\/9a5e3180-e29a-11ef-a819-277e390a7a08.jpg 183w, https:\/\/ichef.bbci.co.uk\/ace\/ws\/240\/cpsprodpb\/823e\/live\/9a5e3180-e29a-11ef-a819-277e390a7a08.jpg 240w, https:\/\/ichef.bbci.co.uk\/ace\/ws\/320\/cpsprodpb\/823e\/live\/9a5e3180-e29a-11ef-a819-277e390a7a08.jpg 320w, https:\/\/ichef.bbci.co.uk\/ace\/ws\/660\/cpsprodpb\/823e\/live\/9a5e3180-e29a-11ef-a819-277e390a7a08.jpg 660w\" src=\"https:\/\/ichef.bbci.co.uk\/ace\/ws\/660\/cpsprodpb\/823e\/live\/9a5e3180-e29a-11ef-a819-277e390a7a08.jpg.webp\"><a href=\"https:\/\/www.bbc.com\/portuguese\/articles\/c0rqjjrlwjdo\">Trump est\u00e1 em campanha para ganhar Nobel da Paz?<\/a><\/li>\n<\/ul>\n\n\n\n<p id=\"end-of-recommendations\">Fim do Mat\u00e9rias recomendadas<\/p>\n\n\n\n<p>N\u00e3o \u00e9 uma tend\u00eancia nova que a direita raidcal&nbsp;<a href=\"https:\/\/www.bbc.com\/portuguese\/articles\/c3gm0pj2ykgo\">ganhe posi\u00e7\u00f5es de poder no Velho Continente<\/a>. Na Fran\u00e7a, o&nbsp;<a href=\"https:\/\/www.bbc.com\/portuguese\/articles\/clky0me9enko\">Reuni\u00e3o Nacional de Marine Le Pen<\/a>, os&nbsp;<a href=\"https:\/\/www.bbc.com\/portuguese\/articles\/cv2kx33ejmxo\">Irm\u00e3os da It\u00e1lia<\/a>&nbsp;liderados por Giorgia Meloni e, na Espanha, o&nbsp;<a href=\"https:\/\/www.bbc.com\/portuguese\/internacional-46424959\">Vox liderado por Santiago Abascal<\/a>&nbsp;s\u00e3o exemplos desta ascens\u00e3o.<\/p>\n\n\n\n<p>Com nuances, todos partilham um discurso semelhante:<a href=\"https:\/\/www.bbc.com\/portuguese\/articles\/cy4y82w737do\">&nbsp;&#8220;anti-woke&#8221;,<\/a>&nbsp;muito duro com a imigra\u00e7\u00e3o e contra a Uni\u00e3o Europeia (UE).<\/p>\n\n\n\n<p>Mas o caso da Alemanha \u00e9 particular.<\/p>\n\n\n\n<ul>\n<li><a href=\"https:\/\/www.bbc.com\/portuguese\/articles\/crmjndm0e07o\">As inesperadas declara\u00e7\u00f5es de vencedor de elei\u00e7\u00e3o na Alemanha que indicam mudan\u00e7a gigantesca na rela\u00e7\u00e3o com EUA<\/a>24 fevereiro 2025<\/li>\n\n\n\n<li><a href=\"https:\/\/www.bbc.com\/portuguese\/articles\/c1lp41e3dq5o\">Medo e impot\u00eancia: imigrantes brasileiros na Alemanha lamentam ascens\u00e3o da direita radical<\/a>24 fevereiro 2025<\/li>\n\n\n\n<li><a href=\"https:\/\/www.bbc.com\/portuguese\/articles\/c8e7w5xxnngo\">Por que a direita radical alem\u00e3 odeia arquitetura modernista<\/a>24 fevereiro 2025<\/li>\n<\/ul>\n\n\n\n<p>Estamos falando do motor econ\u00f4mico da Europa e do seu pr\u00f3prio cora\u00e7\u00e3o. Importante lembrar que, juntamente com a Fran\u00e7a, a Alemanha ajudou a fundar e a formar o conceito que temos hoje da UE, ap\u00f3s a Segunda Guerra Mundial.<\/p>\n\n\n\n<p>E \u00e9 a\u00ed que est\u00e1 a outra peculiaridade da Alemanha: o fardo que o pa\u00eds carrega pelo seu passado nazista.<\/p>\n\n\n\n<p>Ao mesmo tempo, esta sombra foi pensada como uma esp\u00e9cie de garantia ou vacina contra a direita radical.<\/p>\n\n\n\n<p>Mas nem o seu passado, nem a tentativa de cord\u00e3o sanit\u00e1rio, nem o fato de, mesmo na Europa, a radical Le Pen ter se distanciado do seu discurso, impediram a ascens\u00e3o da AfD.<\/p>\n\n\n\n<p>Por que a Alemanha chegou a este ponto? Analisamos as poss\u00edveis causas.https:\/\/flo.uri.sh\/visualisation\/21793263\/embed?auto=1<\/p>\n\n\n\n<h2 class=\"wp-block-heading\" id=\"1-A-economia-\">1. A economia<\/h2>\n\n\n\n<p>&#8220;O milagre alem\u00e3o acabou e a Europa sofrer\u00e1 as consequ\u00eancias.&#8221; Foi assim que Wolfgang M\u00fcnchau, economista e autor do livro&nbsp;<em>Kaput: o fim do milagre econ\u00f4mico alem\u00e3o<\/em>, foi contundente em entrevista \u00e0 BBC News Mundo, o servi\u00e7o em espanhol da BBC.<\/p>\n\n\n\n<p>Isso porque, o que antes era a &#8220;locomotiva europeia&#8221; caiu nos \u00faltimos anos.<\/p>\n\n\n\n<p>E a reativa\u00e7\u00e3o da economia tem sido um dos temas centrais da campanha eleitoral, claro.<\/p>\n\n\n\n<p>A queda do Produto Interno Bruto e o aumento da infla\u00e7\u00e3o s\u00e3o apenas algumas das faces mostradas pela crise econ\u00f4mica alem\u00e3.<\/p>\n\n\n\n<p>Por tr\u00e1s disso existem v\u00e1rios problemas. Um deles \u00e9 que o crescimento do pa\u00eds se baseou na depend\u00eancia do g\u00e1s russo barato, algo que foi interrompido no contexto da invas\u00e3o russa da Ucr\u00e2nia.<\/p>\n\n\n\n<figure class=\"wp-block-image\"><img decoding=\"async\" src=\"https:\/\/ichef.bbci.co.uk\/ace\/ws\/640\/cpsprodpb\/c544\/live\/8c897e90-f2dd-11ef-a298-a52d28d34572.jpg.webp\" alt=\"Uma linha de montagem em uma f\u00e1brica da Volkswagen.\"\/><figcaption class=\"wp-element-caption\">Legenda da foto,A economia alem\u00e3 deixou de brilhar e prova disso \u00e9 a queda na produ\u00e7\u00e3o e venda de ve\u00edculos<\/figcaption><\/figure>\n\n\n\n<p><a href=\"https:\/\/www.bbc.com\/portuguese\/articles\/c93n8x31k2lo#end-of-podcasts\">Pule Novo podcast investigativo: A Raposa e continue lendo<\/a><\/p>\n\n\n\n<figure class=\"wp-block-image\"><img decoding=\"async\" src=\"https:\/\/ichef.bbc.co.uk\/images\/ic\/512x512\/p0k38tc4.jpg.webp\" alt=\"Logo: A Raposa\"\/><\/figure>\n\n\n\n<p><strong><a href=\"https:\/\/www.bbc.com\/portuguese\/podcasts\/p0cyhvny\">Novo podcast investigativo: A Raposa<\/a><\/strong><\/p>\n\n\n\n<p>Uma tonelada de coca\u00edna, tr\u00eas brasileiros inocentes e a busca por um suspeito ingl\u00eas<\/p>\n\n\n\n<p>Epis\u00f3dios<\/p>\n\n\n\n<p id=\"end-of-podcasts\">Fim do Novo podcast investigativo: A Raposa<\/p>\n\n\n\n<p>Outras quest\u00f5es s\u00e3o a depend\u00eancia de uma \u00fanica ind\u00fastria \u2014 a automobil\u00edstica \u2014 para o crescimento, a depend\u00eancia das exporta\u00e7\u00f5es e a falta de investimento em infraestruturas tecnol\u00f3gicas e digitais.<\/p>\n\n\n\n<p>&#8220;A Alemanha se tornou muito dependente dos autom\u00f3veis, dos produtos qu\u00edmicos e tamb\u00e9m da engenharia de m\u00e1quinas mec\u00e2nicas; n\u00e3o se colocou na vanguarda dos ve\u00edculos el\u00e9tricos e h\u00e1 uma digitaliza\u00e7\u00e3o lenta das ind\u00fastrias existentes. A Alemanha n\u00e3o soube como se adaptar&#8221;, afirma M\u00fcnchau.<\/p>\n\n\n\n<p>A China avan\u00e7ou rapidamente na ind\u00fastria automotiva e dominou a tecnologia dos carros el\u00e9tricos. At\u00e9 agora, h\u00e1 menos necessidade de importa\u00e7\u00f5es alem\u00e3s.<\/p>\n\n\n\n<p>E a invas\u00e3o em grande escala da Ucr\u00e2nia pela R\u00fassia deixou a Alemanha numa situa\u00e7\u00e3o desesperada para encontrar fontes alternativas de energia. Comprar g\u00e1s natural liquefeito, dos Estados Unidos e de outros pa\u00edses, \u00e9 caro, o que cria dificuldades financeiras para muitas empresas alem\u00e3s com utiliza\u00e7\u00e3o intensiva de energia.<\/p>\n\n\n\n<p>O resultado \u00e9 que a economia alem\u00e3 \u00e9 lenta e r\u00edgida. Por ser o maior membro da zona do Euro, isso tem um impacto dentro e fora das suas fronteiras.<\/p>\n\n\n\n<h2 class=\"wp-block-heading\" id=\"2-A-imigra\u00e7\u00e3o\">2. A imigra\u00e7\u00e3o<\/h2>\n\n\n\n<p>Mais do que a economia ou o investimento, econ\u00f4mico ou n\u00e3o econ\u00f4mico, na guerra na Ucr\u00e2nia, a migra\u00e7\u00e3o tem sido a principal quest\u00e3o destas elei\u00e7\u00f5es e um motivo de obten\u00e7\u00e3o de votos para a AfD.<\/p>\n\n\n\n<p>A redu\u00e7\u00e3o da migra\u00e7\u00e3o e a expuls\u00e3o dos migrantes sem documentos tem permeado o debate pol\u00edtico e social.<\/p>\n\n\n\n<p>Mas, no caso da direita radical, com nuances.<\/p>\n\n\n\n<p>Falam de &#8220;reemigra\u00e7\u00e3o&#8221;, um termo para pedir aos migrantes na Alemanha que regressem aos seus pa\u00edses. Inclusive quem j\u00e1 possui passaporte alem\u00e3o.<\/p>\n\n\n\n<p>Com a sua mensagem nacionalista e anti-imigra\u00e7\u00e3o, a AfD de Alice Weidel avan\u00e7ou para perto dos 20% no apoio popular.<\/p>\n\n\n\n<p>A Alemanha n\u00e3o \u00e9 o \u00fanico pa\u00eds da Europa que demonstra atualmente preocupa\u00e7\u00e3o com a migra\u00e7\u00e3o, mas acolheu sozinha mais de um milh\u00e3o de requerentes de asilo, principalmente da S\u00edria e do Afeganist\u00e3o, durante a crise migrat\u00f3ria europeia de 2015\/2016.<\/p>\n\n\n\n<p>Com a crise na Ucr\u00e2nia, abriu as portas a 1,2 milh\u00e3o de refugiados ucranianos.<\/p>\n\n\n\n<figure class=\"wp-block-image\"><img decoding=\"async\" src=\"https:\/\/ichef.bbci.co.uk\/ace\/ws\/640\/cpsprodpb\/0d15\/live\/91b8b900-f281-11ef-84a2-5995f83bbd7d.jpg.webp\" alt=\"A l\u00edder do partido AfD, Alice Weidel.\"\/><figcaption class=\"wp-element-caption\">Legenda da foto,O partido de direita radical Alternativa para a Alemanha (AfD) tornou-se a segunda maior for\u00e7a no Parlamento em termos de n\u00famero de votos e deputados<\/figcaption><\/figure>\n\n\n\n<p>Se nas d\u00e9cadas passadas o pa\u00eds estava permeado pelo termo &#8220;multikulti&#8221; (multiculturalismo) e sentia um certo orgulho pelo que chamavam de &#8220;cultura acolhedora&#8221; e pela diversidade do seu povo, agora existe uma corrente que defende o contr\u00e1rio.<\/p>\n\n\n\n<p>A AfD insiste que n\u00e3o \u00e9 racista nem anti-imigra\u00e7\u00e3o e que qualquer pessoa \u00e9 bem-vinda na Alemanha se chegar por meios legais, conseguir um emprego, contribuir para a sociedade e respeitar as normas e a cultura locais.<\/p>\n\n\n\n<p>Na verdade, a migra\u00e7\u00e3o \u00e9 essencial para uma economia como a alem\u00e3.<\/p>\n\n\n\n<p>Uma an\u00e1lise recente da Ag\u00eancia Federal do Trabalho concluiu que sem os imigrantes, a Alemanha teria sofrido uma perda l\u00edquida de 209 mil empregos entre setembro de 2023 e setembro de 2024. No estado da Baviera, por exemplo, a for\u00e7a de trabalho atingiu um recorde de 6,03 milh\u00f5es no ano passado, em grande parte devido \u00e0 m\u00e3o-de-obra estrangeira, relata a Reuters.<\/p>\n\n\n\n<p>Mas esta n\u00e3o \u00e9 a face que parte da Alemanha e dos eleitores da AfD veem, especialmente nos \u00faltimos meses.<\/p>\n\n\n\n<p>Uma s\u00e9rie de ataques perpetrados por requerentes de asilo provenientes do Oriente M\u00e9dio e do Afeganist\u00e3o reacendeu o debate sobre o qu\u00e3o abertas deveriam ser as fronteiras do pa\u00eds.<\/p>\n\n\n\n<figure class=\"wp-block-image\"><img decoding=\"async\" src=\"https:\/\/ichef.bbci.co.uk\/ace\/ws\/640\/cpsprodpb\/c91f\/live\/4fdad160-f2ce-11ef-ac99-91c4861fe93d.jpg.webp\" alt=\"Foto de um enfermeiro cuidando de uma senhora em uma cama.\"\/><figcaption class=\"wp-element-caption\">Legenda da foto,Os migrantes s\u00e3o fundamentais para a for\u00e7a de trabalho do pa\u00eds<\/figcaption><\/figure>\n\n\n\n<p>Houve esfaqueamentos, um ataque com machete, um carro atropelou civis num mercado no Natal e, novamente, em uma recente manifesta\u00e7\u00e3o sindical em Munique, onde um menino foi morto atropelado.<\/p>\n\n\n\n<p>O partido afirma que deportar\u00e1 imediatamente todos os imigrantes que cometam um crime e qualquer pessoa que chegue na Alemanha ilegalmente.<\/p>\n\n\n\n<p>A editora de Europa da BBC, Katia Adler, diz que, depois de falar com apoiadores da AfD em com\u00edcios pr\u00e9-eleitorais, muitos aplaudem esta posi\u00e7\u00e3o, &#8220;incluindo mulheres jovens que me disseram que j\u00e1 n\u00e3o se sentiam seguras nas ruas&#8221;.<\/p>\n\n\n\n<h2 class=\"wp-block-heading\" id=\"3-Eleitores-jovens-e-resson\u00e2ncia-nas-redes-sociais-\">3. Eleitores jovens e resson\u00e2ncia nas redes sociais<\/h2>\n\n\n\n<p>H\u00e1 um fen\u00f4meno que varre o mundo e do qual a Alemanha n\u00e3o est\u00e1 isenta: o apoio crescente dos jovens, especialmente dos homens, aos partidos de direita radical.<\/p>\n\n\n\n<p>\u00c9 aqui que a AfD tem boa parte da sua base eleitoral.<\/p>\n\n\n\n<p>O Pew Research Center conduziu um estudo em 2024 revelando que 26% dos homens alem\u00e3es tinham opini\u00f5es positivas sobre a AfD, em compara\u00e7\u00e3o com 11% das mulheres, e a propor\u00e7\u00e3o de homens que t\u00eam esta opini\u00e3o aumentou 10 pontos desde 2022.<\/p>\n\n\n\n<p>Os resultados das elei\u00e7\u00f5es gerais de domingo corroboram estes dados \u2014 21% dos jovens entre 18 e 24 anos votaram no partido de direita radical.<\/p>\n\n\n\n<p>Contudo, nesta faixa et\u00e1ria a esquerda radical representada pelo partido A Esquerda (Die Linke) prevaleceu ao obter 25% dos votos, enquanto outros 6% votaram no tamb\u00e9m populista de esquerda BSW, segundo c\u00e1lculos publicados pela rede alem\u00e3 DW.https:\/\/flo.uri.sh\/visualisation\/21793322\/embed?auto=1<\/p>\n\n\n\n<p>Os c\u00e1lculos confirmam que os jovens est\u00e3o polarizados entre direita radical e a esquerda.<\/p>\n\n\n\n<p>Esta tend\u00eancia j\u00e1 era evidente nas elei\u00e7\u00f5es para o Parlamento Europeu de 2024, onde, segundo as sondagens, o n\u00famero de menores de 24 anos, tanto homens como mulheres, que votaram na AfD aumentou para 16%, mais 11 pontos em rela\u00e7\u00e3o a 2019.<\/p>\n\n\n\n<p>Existem v\u00e1rias raz\u00f5es por tr\u00e1s disso.<\/p>\n\n\n\n<p>Primeiro, que os partidos de esquerda tendem a se concentrar mais em quest\u00f5es como o feminismo, igualdade e os direitos das mulheres, disse \u00e0 BBC R\u00fcdiger Maas, do think tank alem\u00e3o Institute for Generational Research.<\/p>\n\n\n\n<p>&#8220;Em geral, os homens n\u00e3o se veem refletidos nessas quest\u00f5es. Por isso tendem a votar mais \u00e0 direita&#8221;, explica.<\/p>\n\n\n\n<figure class=\"wp-block-image\"><img decoding=\"async\" src=\"https:\/\/ichef.bbci.co.uk\/ace\/ws\/640\/cpsprodpb\/c067\/live\/ebfe7520-f2e1-11ef-b42e-2dade53dd109.jpg.webp\" alt=\"Jovens apoiadores da AfD\"\/><figcaption class=\"wp-element-caption\">Legenda da foto,Sondagens e estudos de opini\u00e3o revelaram que a AfD n\u00e3o s\u00f3 obteria um n\u00famero significativo de votos entre os eleitores mais velhos, mas tamb\u00e9m entre os jovens<\/figcaption><\/figure>\n\n\n\n<p>Outra \u00e9 a rea\u00e7\u00e3o aos discursos de esquerda, \u00e0 &#8220;ideologia de g\u00eanero&#8221;, como costumam se referir \u00e0s pol\u00edticas de igualdade entre homens e mulheres, e \u00e9 um fator que alimenta o apoio \u00e0 direita radical entre os jovens, sustenta o professor Tarik Abou-Chadi, de Pol\u00edtica Europeia da Universidade de Oxford.<\/p>\n\n\n\n<p>A terceira raz\u00e3o \u00e9 o medo que muitos jovens alem\u00e3es sentem, uma emo\u00e7\u00e3o que a AfD conseguiu captar bem e relacionar, convenientemente, ao discurso anti-imigra\u00e7\u00e3o.<\/p>\n\n\n\n<p>&#8220;Uma raz\u00e3o particular pela qual muitos jovens alem\u00e3es dizem ter medo \u00e9 o n\u00famero de ataques na Alemanha envolvendo suspeitos que eram requerentes de asilo. A imigra\u00e7\u00e3o \u00e9 agora a principal preocupa\u00e7\u00e3o desses jovens&#8221;, disse Jessica Parker, correspondente da BBC em Berlim, ap\u00f3s falar com v\u00e1rios jovens.<\/p>\n\n\n\n<p>Como acontece frequentemente com o discurso anti-imigra\u00e7\u00e3o, nem sempre vale para todo mundo. Eles deixam a porta aberta para quem se &#8220;integra&#8221;.<\/p>\n\n\n\n<p>&#8220;Pessoas que se integram, que aprendem, que estudam aqui, que fazem o seu trabalho, n\u00e3o tenho nenhum problema com elas. Mas hoje esse tipo de declara\u00e7\u00f5es s\u00e3o consideradas hostis. Chamam voc\u00ea de nazista por causa do passado da Alemanha&#8221;, declarou um jovem a Jessica Parker.<\/p>\n\n\n\n<p>E por \u00faltimo, existem as redes sociais.<\/p>\n\n\n\n<p>Tal como aconteceu com outros partidos da direita radical na Europa, como \u00e9 o caso do Vox na Espanha, a AfD conseguiu encontrar um nicho nas redes, algo que outros partidos ainda n\u00e3o conseguiram. Estas plataformas tamb\u00e9m permitem com que eles evitem os meios de comunica\u00e7\u00e3o tradicionais, que normalmente consideram hostis.<\/p>\n\n\n\n<figure class=\"wp-block-image\"><img decoding=\"async\" src=\"https:\/\/ichef.bbci.co.uk\/ace\/ws\/640\/cpsprodpb\/673f\/live\/c9d66330-f2ce-11ef-ac99-91c4861fe93d.jpg.webp\" alt=\"Foto mostra jovens e mulheres aplaudindo. \"\/><figcaption class=\"wp-element-caption\">Legenda da foto,Os jovens alem\u00e3es tamb\u00e9m foram atra\u00eddos pelo oposto da direita radical: o partido Esquerda alcan\u00e7ou um resultado muito bom gra\u00e7as ao apoio dos eleitores jovens<\/figcaption><\/figure>\n\n\n\n<p>No TikTok, a conta de Alice Weidel tem mais de 910 mil seguidores e a partir da\u00ed ela tem feito apelos aos eleitores mais jovens. Tamb\u00e9m recebeu apoio do bilion\u00e1rio Elon Musk, dono do X.<\/p>\n\n\n\n<p>Muitos aliados aderem a esta conta oficial. Uma simples pesquisa na rede social revela as dezenas de perfis ligados ao partido. Mas n\u00e3o s\u00f3 isso.<\/p>\n\n\n\n<p>&#8220;H\u00e1 um n\u00famero consider\u00e1vel de contas de simpatizantes n\u00e3o oficiais que ajudam a divulgar o conte\u00fado do partido&#8221;, diz Mauritius Dorn, do Instituto para o Di\u00e1logo Estrat\u00e9gico (ISD).<\/p>\n\n\n\n<p>Parker at\u00e9 encontrou jovens que questionam narrativas sobre o passado de seu pa\u00eds, especificamente sobre a Segunda Guerra Mundial.<\/p>\n\n\n\n<p>Parece que, embora haja muitas vozes que ainda consideram a direita radical uma for\u00e7a extremista e at\u00e9 antidemocr\u00e1tica, o esfor\u00e7o para &#8220;normalizar&#8221; o seu discurso est\u00e1 funcionando. E o peso do passado nazista da Alemanha est\u00e1 ficando mais leve a cada dia.<\/p>\n","protected":false},"excerpt":{"rendered":"<p>3 raz\u00f5es por que direita radical alcan\u00e7ou melhor resultado eleitoral na Alemanha desde a 2\u00aa Guerra Article information Um&nbsp;avan\u00e7o sem precedentes&nbsp;da direita radical na Alemanha. Essa \u00e9 uma das leituras<\/p>\n","protected":false},"author":1,"featured_media":9238,"comment_status":"closed","ping_status":"closed","sticky":false,"template":"","format":"standard","meta":[],"categories":[1],"tags":[],"_links":{"self":[{"href":"https:\/\/7ports.com.br\/index.php?rest_route=\/wp\/v2\/posts\/9236"}],"collection":[{"href":"https:\/\/7ports.com.br\/index.php?rest_route=\/wp\/v2\/posts"}],"about":[{"href":"https:\/\/7ports.com.br\/index.php?rest_route=\/wp\/v2\/types\/post"}],"author":[{"embeddable":true,"href":"https:\/\/7ports.com.br\/index.php?rest_route=\/wp\/v2\/users\/1"}],"replies":[{"embeddable":true,"href":"https:\/\/7ports.com.br\/index.php?rest_route=%2Fwp%2Fv2%2Fcomments&post=9236"}],"version-history":[{"count":2,"href":"https:\/\/7ports.com.br\/index.php?rest_route=\/wp\/v2\/posts\/9236\/revisions"}],"predecessor-version":[{"id":9239,"href":"https:\/\/7ports.com.br\/index.php?rest_route=\/wp\/v2\/posts\/9236\/revisions\/9239"}],"wp:featuredmedia":[{"embeddable":true,"href":"https:\/\/7ports.com.br\/index.php?rest_route=\/wp\/v2\/media\/9238"}],"wp:attachment":[{"href":"https:\/\/7ports.com.br\/index.php?rest_route=%2Fwp%2Fv2%2Fmedia&parent=9236"}],"wp:term":[{"taxonomy":"category","embeddable":true,"href":"https:\/\/7ports.com.br\/index.php?rest_route=%2Fwp%2Fv2%2Fcategories&post=9236"},{"taxonomy":"post_tag","embeddable":true,"href":"https:\/\/7ports.com.br\/index.php?rest_route=%2Fwp%2Fv2%2Ftags&post=9236"}],"curies":[{"name":"wp","href":"https:\/\/api.w.org\/{rel}","templated":true}]}}