
{"id":9244,"date":"2025-02-26T23:34:46","date_gmt":"2025-02-27T02:34:46","guid":{"rendered":"https:\/\/7ports.com.br\/?p=9244"},"modified":"2025-02-26T23:34:49","modified_gmt":"2025-02-27T02:34:49","slug":"ex-ministro-de-lula-dilma-e-ex-secretario-de-haddad-a-receita-da-incompetencia","status":"publish","type":"post","link":"https:\/\/7ports.com.br\/?p=9244","title":{"rendered":"Ex-ministro de Lula, Dilma e ex-secret\u00e1rio de Haddad, a receita da incompet\u00eancia."},"content":{"rendered":"\n<h1 class=\"wp-block-heading\">Quem \u00e9 Alexandre Padilha, sucessor de N\u00edsia no Minist\u00e9rio da Sa\u00fade<\/h1>\n\n\n\n<p>Pol\u00edtico \u00e9 m\u00e9dico e j\u00e1 comandou a pasta no governo de Dilma Rousseff<\/p>\n\n\n\n<p><a href=\"https:\/\/www.cnnbrasil.com.br\/autor\/maria-clara-matos\/\">Maria Clara Matos<\/a>da CNN&nbsp;, S\u00e3o Paulo25\/02\/2025 \u00e0s 19:00 | Atualizado 25\/02\/2025 \u00e0s 19:23<\/p>\n\n\n\n<figure class=\"wp-block-image\"><img decoding=\"async\" src=\"https:\/\/img.youtube.com\/vi\/LIDphZdF2jo\/sddefault.jpg\" alt=\"N\u00edsia \u00e9 demitida do Minist\u00e9rio da Sa\u00fade; Padilha vai ocupar cargo | CNN ARENA\"\/><\/figure>\n\n\n\n<figure class=\"wp-block-image\"><img decoding=\"async\" src=\"https:\/\/www.cnnbrasil.com.br\/wp-content\/themes\/master-theme\/template-parts\/single\/sharer\/assets\/img\/facebook.svg\" alt=\"Facebook\"\/><\/figure>\n\n\n\n<figure class=\"wp-block-image\"><img decoding=\"async\" src=\"https:\/\/www.cnnbrasil.com.br\/wp-content\/themes\/master-theme\/template-parts\/single\/sharer\/assets\/img\/twitter.svg\" alt=\"Twitter\"\/><\/figure>\n\n\n\n<figure class=\"wp-block-image\"><img decoding=\"async\" src=\"https:\/\/www.cnnbrasil.com.br\/wp-content\/themes\/master-theme\/template-parts\/single\/sharer\/assets\/img\/linkedin.svg\" alt=\"Linkedin\"\/><\/figure>\n\n\n\n<figure class=\"wp-block-image\"><img decoding=\"async\" src=\"https:\/\/www.cnnbrasil.com.br\/wp-content\/themes\/master-theme\/template-parts\/single\/sharer\/assets\/img\/whatsapp.svg\" alt=\"WhatsApp\"\/><\/figure>\n\n\n\n<figure class=\"wp-block-image\"><img decoding=\"async\" src=\"https:\/\/www.cnnbrasil.com.br\/wp-content\/themes\/master-theme\/template-parts\/single\/sharer\/assets\/img\/copy-link-icon.svg\" alt=\"Copiar link\"\/><\/figure>\n\n\n\n<ul>\n<li><a href=\"https:\/\/www.facebook.com\/sharer\/sharer.php?u=https:\/\/www.cnnbrasil.com.br\/politica\/quem-e-alexandre-padilha-sucessor-de-nisia-no-ministerio-da-saude\/\" target=\"_blank\" rel=\"noreferrer noopener\"><\/a><\/li>\n\n\n\n<li><a href=\"https:\/\/www.twitter.com\/share?text=Quem%20%C3%A9%20Alexandre%20Padilha,%20sucessor%20de%20N%C3%ADsia%20no%20Minist%C3%A9rio%20da%20Sa%C3%BAde%20%23CNNBrasil%20%7C%20not%C3%ADcias%20da%20@CNNBrasil&amp;url=https:\/\/www.cnnbrasil.com.br\/politica\/quem-e-alexandre-padilha-sucessor-de-nisia-no-ministerio-da-saude\/\" target=\"_blank\" rel=\"noreferrer noopener\"><\/a><\/li>\n\n\n\n<li><a href=\"https:\/\/www.linkedin.com\/shareArticle?mini=true&amp;url=https:\/\/www.cnnbrasil.com.br\/politica\/quem-e-alexandre-padilha-sucessor-de-nisia-no-ministerio-da-saude\/\" target=\"_blank\" rel=\"noreferrer noopener\"><\/a><\/li>\n\n\n\n<li><a href=\"https:\/\/wa.me\/?text=https:\/\/www.cnnbrasil.com.br\/politica\/quem-e-alexandre-padilha-sucessor-de-nisia-no-ministerio-da-saude\/\" target=\"_blank\" rel=\"noreferrer noopener\"><\/a><\/li>\n\n\n\n<li><a href=\"https:\/\/www.cnnbrasil.com.br\/politica\/quem-e-alexandre-padilha-sucessor-de-nisia-no-ministerio-da-saude\/\"><\/a><\/li>\n<\/ul>\n\n\n\n<figure class=\"wp-block-table\"><table><tbody><tr><td>Ouvir not\u00edcia<\/td><td><\/td><\/tr><\/tbody><\/table><\/figure>\n\n\n\n<p>0:001.0x<\/p>\n\n\n\n<p>Ap\u00f3s o an\u00fancio&nbsp;<strong>da demiss\u00e3o de N\u00edsia Trindade do Minist\u00e9rio da Sa\u00fade<\/strong>&nbsp;desta ter\u00e7a-feira (25), o ministro-chefe da Secretaria de Rela\u00e7\u00f5es Institucionais,&nbsp;<strong>Alexandre Padilha, ser\u00e1 o seu sucessor na pasta<\/strong>.<\/p>\n\n\n\n<p>PUBLICIDADE<\/p>\n\n\n\n<p><a href=\"https:\/\/t.teads.tv\/track?action=hpl-register&amp;auctid=76e7aa66-e1a6-4961-b2cf-35421ca47a9a\"><\/a><\/p>\n\n\n\n<p>Nascido na capital paulista, em 1971,&nbsp;<strong>Alexandre Rocha Santos Padilha<\/strong>, de 53 anos, \u00e9 tamb\u00e9m deputado federal licenciado e m\u00e9dico.<\/p>\n\n\n\n<h2 class=\"wp-block-heading\">Leia Mais<\/h2>\n\n\n\n<ul>\n<li><a href=\"https:\/\/www.cnnbrasil.com.br\/politica\/quem-e-nisia-trindade-demitida-por-lula-do-ministerio-da-saude\/\">Quem \u00e9 N\u00edsia Trindade, demitida por Lula do Minist\u00e9rio da Sa\u00fade<\/a><\/li>\n\n\n\n<li><a href=\"https:\/\/www.cnnbrasil.com.br\/politica\/guimaraes-e-cotado-para-assumir-secretaria-de-relacoes-institucionais\/\">Guimar\u00e3es \u00e9 cotado para assumir Secretaria de Rela\u00e7\u00f5es Institucionais<\/a><\/li>\n\n\n\n<li><a href=\"https:\/\/www.cnnbrasil.com.br\/politica\/lula-demite-nisia-trindade-do-ministerio-da-saude\/\">Lula demite N\u00edsia Trindade e confirma Padilha na Sa\u00fade<\/a><\/li>\n<\/ul>\n\n\n\n<p>Padilha \u00e9<strong>&nbsp;formado em Medicina com especializa\u00e7\u00e3o em Infectologia<\/strong>&nbsp;pela Universidade de S\u00e3o Paulo (USP). Tamb\u00e9m \u00e9 especializado em Sa\u00fade Coletiva pela Universidade Estadual de Campinas (Unicamp).<\/p>\n\n\n\n<p>Foi professor dos cursos de Medicina e Sa\u00fade da Universidade Nove de Julho (Uninove) e da S\u00e3o Leopoldo Mandic, al\u00e9m de colaborador nas disciplinas do mestrado profissional da Unicamp.<\/p>\n\n\n\n<p>\u00c9 filiado ao&nbsp;<a href=\"https:\/\/www.cnnbrasil.com.br\/blogs\/gustavo-uribe\/politica\/pt-admite-abertura-para-centrao-mas-cobra-manutencao-de-espaco-ministerial\/\" target=\"_blank\" rel=\"noreferrer noopener\">PT<\/a>&nbsp;desde 1988. Assumiu seu primeiro mandato como deputado federal em 2019, e foi reeleito em 2022. Em 2023, deixou o cargo para assumir a Secretaria de Rela\u00e7\u00f5es Institucionais do terceiro mandato do presidente Luiz In\u00e1cio Lula da Silva (PT).Play Video<\/p>\n\n\n\n<h2 class=\"wp-block-heading\">Criador do programa Mais M\u00e9dicos<\/h2>\n\n\n\n<p>Alexandre Padilha \u00e9 um dos criadores do programa&nbsp;<strong>Mais M\u00e9dicos<\/strong>, durante o mandato da ex-presidente Dilma Rousseff (PT), implantado em 2013 com o objetivo de objetivo de enviar profissionais de sa\u00fade para os munic\u00edpios do interior e nas periferias das grandes cidades do Brasil.<\/p>\n\n\n\n<p>Ainda durante seu per\u00edodo como chefe da pasta, Padilha \u00e9 considerado o respons\u00e1vel por incluir no&nbsp;<a href=\"https:\/\/www.cnnbrasil.com.br\/politica\/em-rede-nacional-lula-faz-anuncios-sobre-pe-de-meia-e-farmacia-popular\/\">programa Farm\u00e1cia Popular<\/a>&nbsp;\u2014 que oferece medicamentos essenciais a um baixo custo para a popula\u00e7\u00e3o \u2014 rem\u00e9dios para os tratamentos de hipertens\u00e3o e diabetes.<\/p>\n\n\n\n<h2 class=\"wp-block-heading\">Ex-ministro de Lula, Dilma e ex-secret\u00e1rio de Haddad<\/h2>\n\n\n\n<p>Al\u00e9m de ocupar o cargo de ministro-chefe da Secretaria de Rela\u00e7\u00f5es Institucionais do atual governo Lula, Padilha tamb\u00e9m foi ministro da mesma pasta no segundo mandato do presidente, entre 2009 e 2010.<\/p>\n\n\n\n<p>O cargo de ministro da Sa\u00fade, contudo, j\u00e1 foi ocupado pelo pol\u00edtico antes. No governo Dilma, o petista passou tr\u00eas anos no posto, no per\u00edodo de 2011 a 2014.<\/p>\n","protected":false},"excerpt":{"rendered":"<p>Quem \u00e9 Alexandre Padilha, sucessor de N\u00edsia no Minist\u00e9rio da Sa\u00fade Pol\u00edtico \u00e9 m\u00e9dico e j\u00e1 comandou a pasta no governo de Dilma Rousseff Maria Clara Matosda CNN&nbsp;, S\u00e3o Paulo25\/02\/2025<\/p>\n","protected":false},"author":1,"featured_media":0,"comment_status":"closed","ping_status":"closed","sticky":false,"template":"","format":"standard","meta":[],"categories":[1],"tags":[],"_links":{"self":[{"href":"https:\/\/7ports.com.br\/index.php?rest_route=\/wp\/v2\/posts\/9244"}],"collection":[{"href":"https:\/\/7ports.com.br\/index.php?rest_route=\/wp\/v2\/posts"}],"about":[{"href":"https:\/\/7ports.com.br\/index.php?rest_route=\/wp\/v2\/types\/post"}],"author":[{"embeddable":true,"href":"https:\/\/7ports.com.br\/index.php?rest_route=\/wp\/v2\/users\/1"}],"replies":[{"embeddable":true,"href":"https:\/\/7ports.com.br\/index.php?rest_route=%2Fwp%2Fv2%2Fcomments&post=9244"}],"version-history":[{"count":1,"href":"https:\/\/7ports.com.br\/index.php?rest_route=\/wp\/v2\/posts\/9244\/revisions"}],"predecessor-version":[{"id":9247,"href":"https:\/\/7ports.com.br\/index.php?rest_route=\/wp\/v2\/posts\/9244\/revisions\/9247"}],"wp:attachment":[{"href":"https:\/\/7ports.com.br\/index.php?rest_route=%2Fwp%2Fv2%2Fmedia&parent=9244"}],"wp:term":[{"taxonomy":"category","embeddable":true,"href":"https:\/\/7ports.com.br\/index.php?rest_route=%2Fwp%2Fv2%2Fcategories&post=9244"},{"taxonomy":"post_tag","embeddable":true,"href":"https:\/\/7ports.com.br\/index.php?rest_route=%2Fwp%2Fv2%2Ftags&post=9244"}],"curies":[{"name":"wp","href":"https:\/\/api.w.org\/{rel}","templated":true}]}}