
{"id":9259,"date":"2025-02-27T00:38:31","date_gmt":"2025-02-27T03:38:31","guid":{"rendered":"https:\/\/7ports.com.br\/?p=9259"},"modified":"2025-07-27T13:49:12","modified_gmt":"2025-07-27T16:49:12","slug":"tarcisio-ganharia-em-2026-para-presidente-em-todas-as-situacoes","status":"publish","type":"post","link":"https:\/\/7ports.com.br\/?p=9259","title":{"rendered":"Tarcisio ganharia em 2026, para presidente, em todas as situa\u00e7\u00f5es&#8230;."},"content":{"rendered":"\n<p>Rodrigo Maia \u00e9 o elo do RJ na Campanha aproximando Kassab<\/p>\n\n\n\n<h1 class=\"wp-block-heading\">Tarc\u00edsio tem um plano para 2026?<\/h1>\n\n\n\n<p>Segundo o &#8216;Estad\u00e3o&#8217;, integrantes do governo de SP veem foco na reelei\u00e7\u00e3o como estrat\u00e9gia correta para Tarc\u00edsio se manter como um nome vi\u00e1vel \u00e0 Presid\u00eancia<\/p>\n\n\n\n<figure class=\"wp-block-image\"><img decoding=\"async\" src=\"https:\/\/cdn.oantagonista.com\/uploads\/2024\/01\/cropped-favicon-300x300-1.webp\" alt=\"avatar\"\/><\/figure>\n\n\n\n<p><strong><a href=\"https:\/\/oantagonista.com.br\/brasil\/\">Reda\u00e7\u00e3o O Antagonista<\/a><\/strong><\/p>\n\n\n\n<p>2 minutos de leitura24.02.2025 09:19coment\u00e1rios 1<img decoding=\"async\" loading=\"lazy\" src=\"https:\/\/cdn.oantagonista.com\/uploads\/2025\/02\/54342495270_e3890972f8_c.jpg\" width=\"874px\" height=\"524px\" alt=\"Tarc\u00edsio tem um plano para 2026?\">Foto: Marcelo S. Camargo \/ Governo de SP<\/p>\n\n\n\n<ul>\n<li><a href=\"https:\/\/oantagonista.com.br\/brasil\/tarcisio-tem-um-plano-para-2026\/\">Whastapp<\/a><\/li>\n\n\n\n<li><a href=\"https:\/\/oantagonista.com.br\/brasil\/tarcisio-tem-um-plano-para-2026\/\">Facebook<\/a><\/li>\n\n\n\n<li><a href=\"https:\/\/oantagonista.com.br\/brasil\/tarcisio-tem-um-plano-para-2026\/\">Linkedin<\/a><\/li>\n\n\n\n<li><a href=\"https:\/\/oantagonista.com.br\/brasil\/tarcisio-tem-um-plano-para-2026\/\">Twitter<\/a><\/li>\n\n\n\n<li><strong>COMPARTILHAR<\/strong><\/li>\n<\/ul>\n\n\n\n<p>Mesmo com<strong>&nbsp;Jair Bolsonaro<\/strong>&nbsp;(PL) ineleg\u00edvel at\u00e9 2030 e&nbsp;<strong>Lula<\/strong>&nbsp;(PT) em queda nas pesquisas de opini\u00e3o, o governador de S\u00e3o Paulo,&nbsp;<strong>Tarc\u00edsio de Freitas<\/strong>&nbsp;(Republicanos), insiste em negar que possa ser candidato \u00e0 presid\u00eancia da Rep\u00fablica em 2026.<\/p>\n\n\n\n<p><em>\u201c<strong>Eu n\u00e3o sou candidato<\/strong>. Tem muita gente falando por mim. Ningu\u00e9m fala por mim. Ningu\u00e9m est\u00e1 autorizado.&nbsp;<strong>Meu \u00fanico foco \u00e9 S\u00e3o Paulo<\/strong>\u201c<\/em>, disse Tarc\u00edsio ao&nbsp;<em><a href=\"https:\/\/www.estadao.com.br\/politica\/tarcisio-evita-falar-de-planalto-para-se-proteger-de-bolsonaro-e-lula-e-manter-candidatura-viavel\/\" target=\"_blank\" rel=\"noreferrer noopener\">Estad\u00e3o<\/a><\/em>, refor\u00e7ando que ser\u00e1 candidato \u00e0 reelei\u00e7\u00e3o no pr\u00f3ximo pleito.<\/p>\n\n\n\n<p>Leia mais<\/p>\n\n\n\n<figure class=\"wp-block-image size-full\"><img decoding=\"async\" loading=\"lazy\" width=\"1000\" height=\"564\" src=\"https:\/\/7ports.com.br\/wp-content\/uploads\/2025\/02\/Imagem1.png\" alt=\"\" class=\"wp-image-9264\" srcset=\"https:\/\/7ports.com.br\/wp-content\/uploads\/2025\/02\/Imagem1.png 1000w, https:\/\/7ports.com.br\/wp-content\/uploads\/2025\/02\/Imagem1-300x169.png 300w, https:\/\/7ports.com.br\/wp-content\/uploads\/2025\/02\/Imagem1-768x433.png 768w\" sizes=\"(max-width: 1000px) 100vw, 1000px\" \/><\/figure>\n\n\n\n<p>As declara\u00e7\u00f5es, no entanto, s\u00e3o vistas por integrantes do governo Tarc\u00edsio como estrat\u00e9gia acertada para que ele se mantenha como um nome vi\u00e1vel \u00e0 Presid\u00eancia no ano que vem, segundo o jornal.<\/p>\n\n\n\n<p><em>Leia mais:&nbsp;<strong><a href=\"https:\/\/oantagonista.com.br\/brasil\/tarcisio-e-michelle-a-frente-de-haddad-aponta-parana-pesquisas\/\">Tarc\u00edsio e Michelle \u00e0 frente de Haddad, aponta Paran\u00e1 Pesquisas<\/a><\/strong><\/em><\/p>\n\n\n\n<h2 class=\"wp-block-heading\" id=\"h-fora-da-mira\">Fora da mira<\/h2>\n\n\n\n<p>Ao refor\u00e7ar lealdade a Bolsonaro, o governador evita dar qualquer brecha para o surgimento de atritos entre eles, j\u00e1 que o ex-presidente continua se colocando como candidato e n\u00e3o admite ter um sucessor que n\u00e3o seja da sua fam\u00edlia.<\/p>\n\n\n\n<p>O posicionamento tamb\u00e9m deixa Tarc\u00edsio fora da mira governista, que tenta minar qualquer rival que se apresente para Lula.<\/p>\n\n\n\n<p><em>\u201cUm dirigente de uma sigla do Centr\u00e3o em S\u00e3o Paulo considera que o melhor caminho para Tarc\u00edsio \u00e9 manter a discri\u00e7\u00e3o para n\u00e3o irritar Bolsonaro e deixar que setores econ\u00f4micos e partidos aliados tentem convencer o ex-presidente de que ele seria a melhor op\u00e7\u00e3o\u201d<\/em>, diz o jornal.<\/p>\n\n\n\n<p><em>Leia mais:<strong><a href=\"https:\/\/oantagonista.com.br\/brasil\/tarcisio-sai-em-defesa-de-bolsonaro-estamos-juntos-presidente\/\">&nbsp;Tarc\u00edsio sai em defesa de Bolsonaro: \u201cEstamos juntos, presidente\u201d<\/a><\/strong><\/em><\/p>\n\n\n\n<h2 class=\"wp-block-heading\" id=\"h-kassab-ainda-aposta-em-tarcisio\">Kassab ainda aposta em Tarc\u00edsio<\/h2>\n\n\n\n<p>Secret\u00e1rio de Governo de S\u00e3o Paulo e presidente do PSD,&nbsp;<strong>Gilberto Kassab<\/strong>, ainda aposta em Tarc\u00edsio como nome mais forte para enfrentar Lula em 2026.<\/p>\n\n\n\n<p><em>\u201cSe o Tarc\u00edsio fosse candidato, mas n\u00e3o ser\u00e1, o Caiado j\u00e1 me disse que n\u00e3o sairia candidato, Ratinho, Tereza [Cristina, senadora], Zema [tamb\u00e9m apoiariam Tarc\u00edsio]\u201d<\/em>, afirmou Kassab ao jornal.<\/p>\n\n\n\n<p><em>\u201cO Tarc\u00edsio n\u00e3o saindo eu entendo que muito possivelmente cada partido da centro-direita vai lan\u00e7ar o seu nome\u201d<\/em>, acrescentou.<\/p>\n\n\n\n<p>Para o pol\u00edtico do Centr\u00e3o, Tarc\u00edsio \u00e9 o nome capaz de unificar a direita no ano que vem.<\/p>\n","protected":false},"excerpt":{"rendered":"<p>Rodrigo Maia \u00e9 o elo do RJ na Campanha aproximando Kassab Tarc\u00edsio tem um plano para 2026? Segundo o &#8216;Estad\u00e3o&#8217;, integrantes do governo de SP veem foco na reelei\u00e7\u00e3o como<\/p>\n","protected":false},"author":1,"featured_media":9264,"comment_status":"closed","ping_status":"closed","sticky":false,"template":"","format":"standard","meta":[],"categories":[1],"tags":[],"_links":{"self":[{"href":"https:\/\/7ports.com.br\/index.php?rest_route=\/wp\/v2\/posts\/9259"}],"collection":[{"href":"https:\/\/7ports.com.br\/index.php?rest_route=\/wp\/v2\/posts"}],"about":[{"href":"https:\/\/7ports.com.br\/index.php?rest_route=\/wp\/v2\/types\/post"}],"author":[{"embeddable":true,"href":"https:\/\/7ports.com.br\/index.php?rest_route=\/wp\/v2\/users\/1"}],"replies":[{"embeddable":true,"href":"https:\/\/7ports.com.br\/index.php?rest_route=%2Fwp%2Fv2%2Fcomments&post=9259"}],"version-history":[{"count":4,"href":"https:\/\/7ports.com.br\/index.php?rest_route=\/wp\/v2\/posts\/9259\/revisions"}],"predecessor-version":[{"id":9267,"href":"https:\/\/7ports.com.br\/index.php?rest_route=\/wp\/v2\/posts\/9259\/revisions\/9267"}],"wp:featuredmedia":[{"embeddable":true,"href":"https:\/\/7ports.com.br\/index.php?rest_route=\/wp\/v2\/media\/9264"}],"wp:attachment":[{"href":"https:\/\/7ports.com.br\/index.php?rest_route=%2Fwp%2Fv2%2Fmedia&parent=9259"}],"wp:term":[{"taxonomy":"category","embeddable":true,"href":"https:\/\/7ports.com.br\/index.php?rest_route=%2Fwp%2Fv2%2Fcategories&post=9259"},{"taxonomy":"post_tag","embeddable":true,"href":"https:\/\/7ports.com.br\/index.php?rest_route=%2Fwp%2Fv2%2Ftags&post=9259"}],"curies":[{"name":"wp","href":"https:\/\/api.w.org\/{rel}","templated":true}]}}