
{"id":9288,"date":"2025-03-08T02:15:40","date_gmt":"2025-03-08T05:15:40","guid":{"rendered":"https:\/\/7ports.com.br\/?p=9288"},"modified":"2025-07-27T13:48:36","modified_gmt":"2025-07-27T16:48:36","slug":"ainda-estou-aqui-oscar-de-melhor-filme-estrangeiro-rompeu-bolha-politica-e-cultural-no-brasil","status":"publish","type":"post","link":"https:\/\/7ports.com.br\/?p=9288","title":{"rendered":"&#8216;Ainda Estou Aqui&#8217;: Oscar de Melhor Filme Estrangeiro rompeu bolha pol\u00edtica e cultural no Brasil"},"content":{"rendered":"\n<h2 class=\"wp-block-heading\">Levantamento da FGV ressalta que filme esvaziou argumentos da base bolsonarista nas redes sociais e trouxe \u00e0 p\u00fablico valoriza\u00e7\u00e3o da democracia e do cinema nacional<\/h2>\n\n\n\n<figure class=\"wp-block-image\"><img decoding=\"async\" src=\"https:\/\/revistaforum.com.br\/u\/fotografias\/m\/2025\/3\/5\/f960x540-145749_219824_5050.png\" alt=\"\"\/><figcaption class=\"wp-element-caption\"><strong>Walter Salles e Fernanda Torres na noite do Oscar.<\/strong>Cr\u00e9ditos: REUTERS\/Aude Guerrucci\/Folhapress<\/figcaption><\/figure>\n\n\n\n<figure class=\"wp-block-image\"><img decoding=\"async\" src=\"https:\/\/revistaforum.com.br\/u\/aps\/noticias\/fotografias\/autor-1489_m.jpg\" alt=\"Alice Andersen\"\/><\/figure>\n\n\n\n<p><a href=\"https:\/\/revistaforum.com.br\/autor\/alice-andersen.html\"><\/a><\/p>\n\n\n\n<p><a href=\"https:\/\/revistaforum.com.br\/autor\/alice-andersen.html\">Por&nbsp;Alice Andersen<\/a><\/p>\n\n\n\n<p>Escrito en&nbsp;GLOBAL&nbsp;el&nbsp;5\/3\/2025 \u00b7 11:15 hs<\/p>\n\n\n\n<p><em>Comparta este art\u00edculo<\/em><\/p>\n\n\n\n<p>Quando o filme&nbsp;<strong><em>Eu Ainda Estou Aqui<\/em><\/strong>&nbsp;foi anunciado como&nbsp;<a href=\"https:\/\/revistaforum.com.br\/cultura\/2025\/3\/3\/dia-historico-ainda-estou-aqui-vence-oscar-de-melhor-filme-internacional-175064.html\">vencedor do Oscar de Melhor Filme Internacional<\/a>&nbsp;, n\u00e3o foi apenas um reconhecimento do Brasil no cen\u00e1rio mundial, mas tamb\u00e9m o que parecia ser uma autoderrota da base bolsonarista que sempre se autodenominou &#8220;patriota&#8221; no pa\u00eds. Estudo da&nbsp;<strong>Funda\u00e7\u00e3o Get\u00falio Vargas (FGV)<\/strong>&nbsp;afirma que o filme vencedor do Oscar de&nbsp;<strong>Walter Salles conseguiu desmantelar a polariza\u00e7\u00e3o cultural e pol\u00edtica nas redes sociais que se arrastava desde o&nbsp;<\/strong><a href=\"https:\/\/revistaforum.com.br\/temas\/jair-bolsonaro-3080.html\">governo Bolsonaro<\/a>&nbsp;, grande entusiasta da ditadura militar.<\/p>\n\n\n\n<p>A an\u00e1lise aponta que a&nbsp;<strong>maioria das publica\u00e7\u00f5es foi em celebra\u00e7\u00e3o ao orgulho da arte, da cultura e do cinema nacional e brasileiro, reafirmando a identidade pr\u00f3pria<\/strong>&nbsp;para o mundo em um ato de humanidade, al\u00e9m de in\u00fameras p\u00e1ginas progressistas.&nbsp;https:\/\/17a87ed1fabb7172a61179c695d35777.safeframe.googlesyndication.com\/safeframe\/1-0-41\/html\/container.html?n=0<\/p>\n\n\n\n<h3 class=\"wp-block-heading\">Te podr\u00eda interesar<\/h3>\n\n\n\n<ul>\n<li><a href=\"https:\/\/revistaforum.com.br\/cultura\/2025\/3\/5\/video-lula-telefona-para-walter-salles-diretor-de-ainda-estou-aqui-lavou-alma-dos-brasileiros-175100.html\"><em>Cinema nacional<\/em>V\u00cdDEO \u2013 Lula telefona para Walter Salles, diretor de &#8216;Ainda Estou Aqui&#8217;: &#8220;Lavou a alma dos brasileiros&#8221;<\/a><\/li>\n\n\n\n<li><a href=\"https:\/\/revistaforum.com.br\/politica\/2025\/3\/3\/lula-destaca-luta-contra-autoritarismo-ao-celebrar-oscar-de-ainda-estou-aqui-175067.html\"><em>Orgulho nacional<\/em>Lula destaca luta contra o autoritarismo ao celebrar Oscar de Ainda Estou Aqui<\/a><\/li>\n<\/ul>\n\n\n\n<p>Entre as publica\u00e7\u00f5es mais comentadas est\u00e3o as de&nbsp;<a href=\"https:\/\/revistaforum.com.br\/temas\/lula-558.html\">Luiz In\u00e1cio Lula da Silva (PT)<\/a>&nbsp;, presidente;&nbsp;<a href=\"https:\/\/revistaforum.com.br\/temas\/erika-hilton-50817.html\">Erika Hilton (PSOL-SP)<\/a>&nbsp;, deputada federal; e&nbsp;<a href=\"https:\/\/revistaforum.com.br\/temas\/dilma-rousseff-1966.html\">Dilma Rousseff (PT)<\/a>&nbsp;, ex-presidente, que assim como Rubens Paiva, ex-deputado e personagem do filme, foi presa e torturada pela ditadura militar.&nbsp;https:\/\/17a87ed1fabb7172a61179c695d35777.safeframe.googlesyndication.com\/safeframe\/1-0-41\/html\/container.html?n=0<\/p>\n\n\n\n<p>A pesquisa revelou que os perfis alinhados \u00e0 direita tiveram um engajamento t\u00edmido&nbsp;e modesto,&nbsp;com poucas intera\u00e7\u00f5es fingindo&nbsp;parabenizar e&nbsp;responsabilizar pelo filme e pela vit\u00f3ria, enquanto alguns tentaram atacar o filme e rotular&nbsp;de&nbsp;<strong>&#8220;comunista&#8221;.<\/strong>https:\/\/d-1198107878538633758.ampproject.net\/2502032353000\/frame.html<\/p>\n\n\n\n<h3 class=\"wp-block-heading\">Te podr\u00eda interesar<\/h3>\n\n\n\n<ul>\n<li><a href=\"https:\/\/revistaforum.com.br\/cultura\/2025\/3\/3\/dia-historico-ainda-estou-aqui-vence-oscar-de-melhor-filme-internacional-175064.html\"><em>MEMOR\u00c1VEL<\/em>DIA HIST\u00d3RICO: Ainda Estou Aqui vence o Oscar de Melhor Filme Internacional<\/a><\/li>\n<\/ul>\n\n\n\n<h2 class=\"wp-block-heading\"><strong>&#8220;N\u00e3o conseguiram&nbsp;inventar nenhum&nbsp;argumento&#8221;<\/strong><\/h2>\n\n\n\n<p>Segundo o soci\u00f3logo&nbsp;<strong>Marco Aur\u00e9lio Ruediger<\/strong>, diretor da Escola de Comunica\u00e7\u00e3o da FGV e um dos dois respons\u00e1veis pelo estudo, o sil\u00eancio da extrema direita surpreende. &#8220;Eles n\u00e3o conseguir\u00e3o construir nenhum argumento cr\u00edtico em contr\u00e1rio. Seriam antipatri\u00f3ticos, hip\u00f3critas e infi\u00e9is&#8221;, diz. &#8220;Isso d\u00e1 ao Brasil uma chance de se unir e se reinventar,&nbsp;quebrando a polariza\u00e7\u00e3o com base em valores universais e um repert\u00f3rio cultural mais amplo&#8221;<\/p>\n\n\n\n<blockquote class=\"wp-block-quote\">\n<p>&#8220;\u00c9 uma pista para a pol\u00edtica agora e em 2026&#8221;<\/p>\n<\/blockquote>\n\n\n\n<p>Na vis\u00e3o do coordenador, o filme consegue representar o patriotismo de forma aut\u00eantica, sem cair em ideias conservadoras ou reacion\u00e1rias, pois exalta o poder das mulheres, retratando a jornada de supera\u00e7\u00e3o e recupera\u00e7\u00e3o de Eunice Paiva e sua fam\u00edlia, resgatando o debate da mem\u00f3ria hist\u00f3rica e cobrando justi\u00e7a e repara\u00e7\u00e3o \u00e0s v\u00edtimas, que o Brasil em 60 anos ap\u00f3s o golpe ainda n\u00e3o fez.<\/p>\n\n\n\n<p><strong>Marcelo Rubens Paiva<\/strong>&nbsp;, filho de Rubens e Eunice Paiva, \u00e9 o autor do livro que deu origem ao filme e comentou o significado do pr\u00eamio no \u00faltimo domingo (2).<\/p>\n\n\n\n<blockquote class=\"wp-block-quote\">\n<p>&#8220;Seriam necess\u00e1rios mais filmes sobre nossas hist\u00f3rias. Tantos personagens importantes para as pessoas retratarem. Tantos per\u00edodos turbulentos importantes sobre os quais as pessoas n\u00e3o conseguem parar de falar. Escravid\u00e3o, massacres ind\u00edgenas, chegada dos europeus, os bandeirantes, a revolta da Chibata, a Guerra do Paraguai. H\u00e1 tanta hist\u00f3ria para as pessoas contarem. Seria necess\u00e1rio que esse filme fosse o in\u00edcio de um movimento brasileiro, para que as pessoas reabrissem nossos arquivos, nossas mem\u00f3rias e as registrassem para sempre. Para que o Brasil possa ver, ser visto e se enredar em uma teia de cinema&#8221;, disse ele.<\/p>\n<\/blockquote>\n\n\n\n<p>Segundo a FGV, foram registradas quase 4 milh\u00f5es de postagens sobre o filme no X, Instagram, YouTube e portais de not\u00edcias, alcan\u00e7ando mais de 75 milh\u00f5es de intera\u00e7\u00f5es no Facebook, X e Instagram com a vit\u00f3ria no Oscar. As postagens na conta oficial da Academia no Instagram (@theacademy) geraram 30% de todas as intera\u00e7\u00f5es do perfil no in\u00edcio desse ano, com 3,8 milh\u00f5es de intera\u00e7\u00f5es e 24 milh\u00f5es de visualiza\u00e7\u00f5es.<\/p>\n","protected":false},"excerpt":{"rendered":"<p>Levantamento da FGV ressalta que filme esvaziou argumentos da base bolsonarista nas redes sociais e trouxe \u00e0 p\u00fablico valoriza\u00e7\u00e3o da democracia e do cinema nacional Por&nbsp;Alice Andersen Escrito en&nbsp;GLOBAL&nbsp;el&nbsp;5\/3\/2025 \u00b7<\/p>\n","protected":false},"author":1,"featured_media":9290,"comment_status":"closed","ping_status":"closed","sticky":false,"template":"","format":"standard","meta":[],"categories":[1],"tags":[],"_links":{"self":[{"href":"https:\/\/7ports.com.br\/index.php?rest_route=\/wp\/v2\/posts\/9288"}],"collection":[{"href":"https:\/\/7ports.com.br\/index.php?rest_route=\/wp\/v2\/posts"}],"about":[{"href":"https:\/\/7ports.com.br\/index.php?rest_route=\/wp\/v2\/types\/post"}],"author":[{"embeddable":true,"href":"https:\/\/7ports.com.br\/index.php?rest_route=\/wp\/v2\/users\/1"}],"replies":[{"embeddable":true,"href":"https:\/\/7ports.com.br\/index.php?rest_route=%2Fwp%2Fv2%2Fcomments&post=9288"}],"version-history":[{"count":1,"href":"https:\/\/7ports.com.br\/index.php?rest_route=\/wp\/v2\/posts\/9288\/revisions"}],"predecessor-version":[{"id":9289,"href":"https:\/\/7ports.com.br\/index.php?rest_route=\/wp\/v2\/posts\/9288\/revisions\/9289"}],"wp:featuredmedia":[{"embeddable":true,"href":"https:\/\/7ports.com.br\/index.php?rest_route=\/wp\/v2\/media\/9290"}],"wp:attachment":[{"href":"https:\/\/7ports.com.br\/index.php?rest_route=%2Fwp%2Fv2%2Fmedia&parent=9288"}],"wp:term":[{"taxonomy":"category","embeddable":true,"href":"https:\/\/7ports.com.br\/index.php?rest_route=%2Fwp%2Fv2%2Fcategories&post=9288"},{"taxonomy":"post_tag","embeddable":true,"href":"https:\/\/7ports.com.br\/index.php?rest_route=%2Fwp%2Fv2%2Ftags&post=9288"}],"curies":[{"name":"wp","href":"https:\/\/api.w.org\/{rel}","templated":true}]}}