
{"id":9484,"date":"2025-08-16T21:53:30","date_gmt":"2025-08-17T00:53:30","guid":{"rendered":"https:\/\/7ports.com.br\/?p=9484"},"modified":"2025-08-16T21:57:39","modified_gmt":"2025-08-17T00:57:39","slug":"zema-diz-que-sancoes-de-trump-contra-moraes-sao-corretas","status":"publish","type":"post","link":"https:\/\/7ports.com.br\/?p=9484","title":{"rendered":"Zema diz que san\u00e7\u00f5es de Trump contra Moraes s\u00e3o corretas."},"content":{"rendered":"\n<h2 class=\"wp-block-heading\">Zema diz que san\u00e7\u00f5es de Trump contra Moraes s\u00e3o corretas e que Lula &#8216;deu todos os motivos&#8217; para retalia\u00e7\u00e3o dos EUA<\/h2>\n\n\n\n<figure class=\"wp-block-image\"><img decoding=\"async\" src=\"https:\/\/ichef.bbci.co.uk\/ace\/ws\/640\/cpsprodpb\/6267\/live\/8bed9a70-7929-11f0-95b0-ebe654a4aad8.jpg.webp\" alt=\"Romeu Zema, de \u00f3culos e camisa cinza, com a bandeira de Minas Gerais em um detalhe no peito da camisa, gesticulando durante entrevista \u00e0 BBC\"\/><figcaption class=\"wp-element-caption\">Legenda da foto,Em entrevista \u00e0 BBC News Brasil, o governador de Minas Gerais admitiu que pode n\u00e3o ter o apoio de Jair Bolsonaro para as elei\u00e7\u00f5es de 2026<\/figcaption><\/figure>\n\n\n\n<p><strong>Article Information<\/strong><\/p>\n\n\n\n<ul>\n<li>Author, Thais Carran\u00e7a<a href=\"https:\/\/www.bbc.com\/portuguese\/topics\/ce87zg44v06t\"><strong>Thais Carran\u00e7a<\/strong><\/a><\/li>\n\n\n\n<li>Role,<strong>Da BBC News Brasil em S\u00e3o Paulo<\/strong><\/li>\n<\/ul>\n\n\n\n<p>\u00c0s v\u00e9speras de lan\u00e7ar sua pr\u00e9-candidatura \u00e0 Presid\u00eancia neste s\u00e1bado (16\/8), o governador de Minas Gerais,&nbsp;<a href=\"https:\/\/www.bbc.com\/portuguese\/articles\/cjmrxgmk9x4o\">Romeu Zema<\/a>&nbsp;(Novo), j\u00e1 admite que pode n\u00e3o ter o apoio do ex-presidente&nbsp;<a href=\"https:\/\/www.bbc.com\/portuguese\/topics\/cg7267qv6q0t\">Jair Bolsonaro<\/a>&nbsp;(PL) para sua pr\u00f3xima empreitada eleitoral em 2026.<\/p>\n\n\n\n<p>&#8220;N\u00f3s temos uma afinidade em propostas e, com toda certeza, em 2026, a direita ter\u00e1 alguns candidatos e n\u00e3o um candidato. Ent\u00e3o, pode ser que o ex-presidente venha apoiar outro candidato \u00e0 direita&#8221;, disse Zema, em entrevista \u00e0 BBC News Brasil.<\/p>\n\n\n\n<p>&#8220;Ent\u00e3o estaremos, muito provavelmente, caminhando de maneira solit\u00e1ria no primeiro turno, mas estaremos juntos no segundo turno&#8221;, disse o mineiro, insistindo, por\u00e9m, que deve levar sua candidatura at\u00e9 o fim, mesmo sem a ben\u00e7\u00e3o do ex-presidente.<\/p>\n\n\n\n<p>Em 2026, o Novo \u00e9 um dos partidos sob risco de ser afetado pela&nbsp;<a href=\"https:\/\/www.bbc.com\/portuguese\/brasil-41180849\">cl\u00e1usula de barreira<\/a>, caso n\u00e3o eleja 13 deputados federais (atualmente, o partido tem apenas cinco) ou n\u00e3o obtenha 2,5% dos votos v\u00e1lidos para C\u00e2mara e 1,5% em pelo menos nove Estados.<\/p>\n\n\n\n<p>A candidatura presidencial pr\u00f3pria, ainda que sem o aval de Bolsonaro, \u00e9 uma forma de atrair votos para a legenda, que pode vir a ser extinta por fus\u00e3o ou incorpora\u00e7\u00e3o a outro partido.<\/p>\n\n\n\n<p><a href=\"https:\/\/www.bbc.com\/portuguese\/articles\/c336ppp3070o#end-of-recommendations\">Pule Mais lidas e continue lendo<\/a><\/p>\n\n\n\n<p><strong>Mais lidas<\/strong><\/p>\n\n\n\n<ul>\n<li><img decoding=\"async\" src=\"https:\/\/ichef.bbci.co.uk\/ace\/ws\/660\/cpsprodpb\/5cd2\/live\/3edfa0a0-77be-11f0-a20f-3b86f375586a.png.webp\" srcset=\"https:\/\/ichef.bbci.co.uk\/ace\/ws\/70\/cpsprodpb\/5cd2\/live\/3edfa0a0-77be-11f0-a20f-3b86f375586a.png.webp 70w, https:\/\/ichef.bbci.co.uk\/ace\/ws\/95\/cpsprodpb\/5cd2\/live\/3edfa0a0-77be-11f0-a20f-3b86f375586a.png.webp 95w, https:\/\/ichef.bbci.co.uk\/ace\/ws\/144\/cpsprodpb\/5cd2\/live\/3edfa0a0-77be-11f0-a20f-3b86f375586a.png.webp 144w, https:\/\/ichef.bbci.co.uk\/ace\/ws\/183\/cpsprodpb\/5cd2\/live\/3edfa0a0-77be-11f0-a20f-3b86f375586a.png.webp 183w, https:\/\/ichef.bbci.co.uk\/ace\/ws\/240\/cpsprodpb\/5cd2\/live\/3edfa0a0-77be-11f0-a20f-3b86f375586a.png.webp 240w, https:\/\/ichef.bbci.co.uk\/ace\/ws\/320\/cpsprodpb\/5cd2\/live\/3edfa0a0-77be-11f0-a20f-3b86f375586a.png.webp 320w, https:\/\/ichef.bbci.co.uk\/ace\/ws\/660\/cpsprodpb\/5cd2\/live\/3edfa0a0-77be-11f0-a20f-3b86f375586a.png.webp 660w\" alt=\"Foto de Alexandre de Moraes com a m\u00e3o no queixo e a bandeira do Brasil ao fundo\"><a href=\"https:\/\/www.bbc.com\/portuguese\/articles\/c0kznnggk4zo\">Relat\u00f3rio dos EUA v\u00ea piora em direitos humanos no Brasil, cita Moraes e mortes pela PM de Tarc\u00edsio<\/a><\/li>\n\n\n\n<li><img decoding=\"async\" src=\"https:\/\/ichef.bbci.co.uk\/ace\/ws\/660\/cpsprodpb\/1c13\/live\/d62fe0d0-77c5-11f0-aa52-bbd810fc4c70.png.webp\" srcset=\"https:\/\/ichef.bbci.co.uk\/ace\/ws\/70\/cpsprodpb\/1c13\/live\/d62fe0d0-77c5-11f0-aa52-bbd810fc4c70.png.webp 70w, https:\/\/ichef.bbci.co.uk\/ace\/ws\/95\/cpsprodpb\/1c13\/live\/d62fe0d0-77c5-11f0-aa52-bbd810fc4c70.png.webp 95w, https:\/\/ichef.bbci.co.uk\/ace\/ws\/144\/cpsprodpb\/1c13\/live\/d62fe0d0-77c5-11f0-aa52-bbd810fc4c70.png.webp 144w, https:\/\/ichef.bbci.co.uk\/ace\/ws\/183\/cpsprodpb\/1c13\/live\/d62fe0d0-77c5-11f0-aa52-bbd810fc4c70.png.webp 183w, https:\/\/ichef.bbci.co.uk\/ace\/ws\/240\/cpsprodpb\/1c13\/live\/d62fe0d0-77c5-11f0-aa52-bbd810fc4c70.png.webp 240w, https:\/\/ichef.bbci.co.uk\/ace\/ws\/320\/cpsprodpb\/1c13\/live\/d62fe0d0-77c5-11f0-aa52-bbd810fc4c70.png.webp 320w, https:\/\/ichef.bbci.co.uk\/ace\/ws\/660\/cpsprodpb\/1c13\/live\/d62fe0d0-77c5-11f0-aa52-bbd810fc4c70.png.webp 660w\" alt=\"O influenciador Felca\"><a href=\"https:\/\/www.bbc.com\/portuguese\/articles\/c9qynn5e0e9o\">Adultiza\u00e7\u00e3o: &#8216;V\u00eddeo de Felca conseguiu unir de \u00c9rika Hilton a Nikolas Ferreira e pauta cobran\u00e7a por responsabiliza\u00e7\u00e3o das redes&#8217;<\/a><\/li>\n\n\n\n<li><img decoding=\"async\" src=\"https:\/\/ichef.bbci.co.uk\/ace\/ws\/660\/cpsprodpb\/735f\/live\/9d877b00-7313-11f0-a9e4-5504202eaa0a.jpg.webp\" srcset=\"https:\/\/ichef.bbci.co.uk\/ace\/ws\/70\/cpsprodpb\/735f\/live\/9d877b00-7313-11f0-a9e4-5504202eaa0a.jpg.webp 70w, https:\/\/ichef.bbci.co.uk\/ace\/ws\/95\/cpsprodpb\/735f\/live\/9d877b00-7313-11f0-a9e4-5504202eaa0a.jpg.webp 95w, https:\/\/ichef.bbci.co.uk\/ace\/ws\/144\/cpsprodpb\/735f\/live\/9d877b00-7313-11f0-a9e4-5504202eaa0a.jpg.webp 144w, https:\/\/ichef.bbci.co.uk\/ace\/ws\/183\/cpsprodpb\/735f\/live\/9d877b00-7313-11f0-a9e4-5504202eaa0a.jpg.webp 183w, https:\/\/ichef.bbci.co.uk\/ace\/ws\/240\/cpsprodpb\/735f\/live\/9d877b00-7313-11f0-a9e4-5504202eaa0a.jpg.webp 240w, https:\/\/ichef.bbci.co.uk\/ace\/ws\/320\/cpsprodpb\/735f\/live\/9d877b00-7313-11f0-a9e4-5504202eaa0a.jpg.webp 320w, https:\/\/ichef.bbci.co.uk\/ace\/ws\/660\/cpsprodpb\/735f\/live\/9d877b00-7313-11f0-a9e4-5504202eaa0a.jpg.webp 660w\" alt=\"Vista a\u00e9rea de uma grande \u00e1rea coberta por estufas no sul da Espanha\"><a href=\"https:\/\/www.bbc.com\/portuguese\/articles\/cvgpdv7l1rgo\">O controverso &#8216;Mar de Pl\u00e1stico&#8217; que transformou a regi\u00e3o mais seca da Espanha na horta da Europa<\/a><\/li>\n\n\n\n<li><img decoding=\"async\" src=\"https:\/\/ichef.bbci.co.uk\/ace\/ws\/660\/cpsprodpb\/96ce\/live\/67b52180-7886-11f0-a975-cb151ca452f4.png.webp\" srcset=\"https:\/\/ichef.bbci.co.uk\/ace\/ws\/70\/cpsprodpb\/96ce\/live\/67b52180-7886-11f0-a975-cb151ca452f4.png.webp 70w, https:\/\/ichef.bbci.co.uk\/ace\/ws\/95\/cpsprodpb\/96ce\/live\/67b52180-7886-11f0-a975-cb151ca452f4.png.webp 95w, https:\/\/ichef.bbci.co.uk\/ace\/ws\/144\/cpsprodpb\/96ce\/live\/67b52180-7886-11f0-a975-cb151ca452f4.png.webp 144w, https:\/\/ichef.bbci.co.uk\/ace\/ws\/183\/cpsprodpb\/96ce\/live\/67b52180-7886-11f0-a975-cb151ca452f4.png.webp 183w, https:\/\/ichef.bbci.co.uk\/ace\/ws\/240\/cpsprodpb\/96ce\/live\/67b52180-7886-11f0-a975-cb151ca452f4.png.webp 240w, https:\/\/ichef.bbci.co.uk\/ace\/ws\/320\/cpsprodpb\/96ce\/live\/67b52180-7886-11f0-a975-cb151ca452f4.png.webp 320w, https:\/\/ichef.bbci.co.uk\/ace\/ws\/660\/cpsprodpb\/96ce\/live\/67b52180-7886-11f0-a975-cb151ca452f4.png.webp 660w\" alt=\"Diego Fern\u00e1ndez Lima\"><a href=\"https:\/\/www.bbc.com\/portuguese\/articles\/c8ry0pvk403o\">4 respostas sobre caso do adolescente desaparecido h\u00e1 40 anos cujos restos mortais foram achados na casa de um colega de escola<\/a><\/li>\n<\/ul>\n\n\n\n<p id=\"end-of-recommendations\">Fim do Mais lidas<\/p>\n\n\n\n<p>Mesmo sem o apoio de Bolsonaro, Zema mant\u00e9m a posi\u00e7\u00e3o de que concederia&nbsp;<a href=\"https:\/\/www.bbc.com\/portuguese\/articles\/ckg1z07lyy2o\">anistia ao ex-presidente<\/a>, se eleito. Isso mesmo ap\u00f3s uma pesquisa Datafolha, publicada no in\u00edcio de agosto, apontar que&nbsp;<a href=\"https:\/\/www1.folha.uol.com.br\/poder\/2025\/08\/datafolha-61-dizem-nao-votar-em-candidato-que-promete-livrar-bolsonaro.shtml\">61% dos eleitores n\u00e3o votariam<\/a>&nbsp;em um candidato que prometa livrar Bolsonaro de qualquer pena ou puni\u00e7\u00e3o no caso da suposta tentativa de golpe de Estado.<\/p>\n\n\n\n<p>&#8220;Mantenho sim. Eu n\u00e3o estou \u00e0 procura de voto, estou \u00e0 procura de solu\u00e7\u00e3o&#8221;, diz Zema. &#8220;Por que n\u00e3o dar anistia? Acho que n\u00f3s temos de passar uma r\u00e9gua nisso, uma borracha, e olhar para o futuro.&#8221;<\/p>\n\n\n\n<p><a href=\"https:\/\/www.bbc.com\/portuguese\/articles\/c336ppp3070o#end-of-podcasts\">Pule Que Hist\u00f3ria! e continue lendo<\/a><\/p>\n\n\n\n<figure class=\"wp-block-image\"><img decoding=\"async\" src=\"https:\/\/ichef.bbc.co.uk\/images\/ic\/512x512\/p0lrfjhf.png.webp\" alt=\"Que Hist\u00f3ria! - 8 novos epis\u00f3dios\"\/><\/figure>\n\n\n\n<p><strong><a href=\"https:\/\/www.bbc.com\/portuguese\/podcasts\/p07r3r3t\">8 novos epis\u00f3dios<\/a><\/strong><\/p>\n\n\n\n<p>Dispon\u00edveis nos tocadores de podcast<\/p>\n\n\n\n<p>Ou\u00e7a aqui<\/p>\n\n\n\n<p id=\"end-of-podcasts\">Fim do Que Hist\u00f3ria!<\/p>\n\n\n\n<p>Apesar de j\u00e1 ter criticado as&nbsp;<a href=\"https:\/\/www.bbc.com\/portuguese\/articles\/c1k8lp00xe4o\">tarifas de Trump contra o Brasil<\/a>, o governador expressou apoio \u00e0s san\u00e7\u00f5es americanas contra o ministro do Supremo Tribunal Federal (STF),&nbsp;<a href=\"https:\/\/www.bbc.com\/portuguese\/topics\/cvjp2jw7y40t\">Alexandre de Moraes<\/a>. Mas disse n\u00e3o ver interfer\u00eancia do presidente americano sobre o sistema judici\u00e1rio brasileiro.<\/p>\n\n\n\n<p>Ele culpou ainda o presidente&nbsp;<a href=\"https:\/\/www.bbc.com\/portuguese\/topics\/cpzd4zx0272t\">Luiz In\u00e1cio Lula da Silva<\/a>&nbsp;(PT) pelo tarifa\u00e7o, comparando os Estados Unidos a um cliente que deve ser bem tratado.<\/p>\n\n\n\n<p>&#8220;Um cliente que \u00e9 respons\u00e1vel por 12% das suas vendas, voc\u00ea n\u00e3o pode virar as costas, muito menos ficar agredindo gratuitamente, e foi o que o presidente fez. Ent\u00e3o, acho que n\u00f3s temos que nos colocar no nosso lugar&#8221;, diz o governador.<\/p>\n\n\n\n<p>Na entrevista, Zema apresentou ainda algumas de suas propostas, caso venha a ser eleito presidente.<\/p>\n\n\n\n<p>Entre elas, est\u00e3o medidas pol\u00eamicas, como uma lei para proibir&nbsp;<a href=\"https:\/\/www.bbc.com\/portuguese\/articles\/cp3eqengwy5o\">pessoas em situa\u00e7\u00e3o de rua<\/a>&nbsp;de dormir em via p\u00fablica \u2014 voltando a comparar moradores de rua com carros parados em lugar proibido que devem ser &#8220;guinchados&#8221;, como j\u00e1 havia feito em entrevistas concedidas em junho.<\/p>\n\n\n\n<figure class=\"wp-block-image\"><img decoding=\"async\" src=\"https:\/\/ichef.bbci.co.uk\/ace\/ws\/640\/cpsprodpb\/f3ef\/live\/29ddf040-792f-11f0-9a74-bbd8977304bc.jpg.webp\" alt=\"Uma mulher se abriga sob um guarda-chuva enquanto passa por moradores de rua durante um dia chuvoso no Rio de Janeiro, em 22 de mar\u00e7o de 2024.\"\/><figcaption class=\"wp-element-caption\">Legenda da foto,&#8217;Se algu\u00e9m deixa o carro estacionado num lugar proibido, o carro n\u00e3o \u00e9 guinchado?&#8217;, questiona Zema. &#8216;Na minha opini\u00e3o, n\u00f3s t\u00ednhamos de ter uma lei, o seguinte: \u00e9 proibido dormir em via p\u00fablica. \u00c9 proibido ficar acampado em via p\u00fablica&#8217;<\/figcaption><\/figure>\n\n\n\n<p>Ele defendeu ainda o &#8220;desmame&#8221; da Zona Franca de Manaus e mudan\u00e7as no&nbsp;<a href=\"https:\/\/www.bbc.com\/portuguese\/topics\/ckdxnd362j8t\">Bolsa Fam\u00edlia<\/a>.<\/p>\n\n\n\n<p>Ao falar sobre o programa social, por\u00e9m, mostrou desconhecimento sobre seu desenho, ao propor um mecanismo de sa\u00edda para que quem comece a trabalhar possa manter o benef\u00edcio por pelo menos um ano \u2014&nbsp;<a href=\"https:\/\/www.bbc.com\/portuguese\/articles\/cj45n2qzrkqo\">o que j\u00e1 existe no programa desde 2023, atrav\u00e9s da chamada Regra de Prote\u00e7\u00e3o<\/a>.<\/p>\n\n\n\n<p>Nascido em Arax\u00e1 (MG) e eleito duas vezes governador de Minas Gerais, ap\u00f3s 26 anos como CEO de uma rede varejista, Zema declarou um patrim\u00f4nio de quase R$ 130 milh\u00f5es em 2022.<\/p>\n\n\n\n<p>Ainda assim, ele se diz favor\u00e1vel \u00e0&nbsp;<a href=\"https:\/\/www.bbc.com\/portuguese\/articles\/cp82r41wyywo\">proposta de reforma do Imposto de Renda que prev\u00ea maior taxa\u00e7\u00e3o para os mais ricos<\/a>. Defende tamb\u00e9m uma mudan\u00e7a na Consolida\u00e7\u00e3o das Leis do Trabalho (CLT) para permitir a pejotiza\u00e7\u00e3o de forma mais ampla \u2014&nbsp;<a href=\"https:\/\/www.bbc.com\/portuguese\/articles\/c8x857j7dyxo\">tema atualmente em debate no STF<\/a>.<\/p>\n\n\n\n<p>&#8220;Hoje n\u00f3s temos muito esse processo de pejotiza\u00e7\u00e3o, em que muitas pessoas trabalham como prestadores de servi\u00e7os por motivo tribut\u00e1rio, mas \u00e9 o equivalente a empregado. Ent\u00e3o, acho que n\u00f3s t\u00ednhamos de ter aqui uma &#8216;CLT 2&#8217; que permitisse algu\u00e9m fazer essa op\u00e7\u00e3o.&#8221;<\/p>\n\n\n\n<p>Confira abaixo os principais trechos da entrevista, que foi editada para fins de maior clareza e concis\u00e3o.<\/p>\n\n\n\n<p><strong>BBC News Brasil &#8211; O senhor est\u00e1 lan\u00e7ando a sua pr\u00e9-candidatura essa semana, ainda sem o apoio do ex-presidente Jair Bolsonaro. Como espera conquistar esse apoio at\u00e9 outubro de 2026?<\/strong><\/p>\n\n\n\n<p><strong>Romeu Zema<\/strong>&nbsp;&#8211; Eu e o ex-presidente Jair Bolsonaro nunca estivemos no mesmo partido. N\u00f3s temos uma afinidade em propostas e, com toda certeza, em 2026, a direita ter\u00e1 alguns candidatos e n\u00e3o um candidato. Ent\u00e3o, pode ser at\u00e9 que o ex-presidente venha apoiar outro candidato \u00e0 direita.<\/p>\n\n\n\n<p>Mas n\u00f3s queremos um objetivo comum, que \u00e9 colocar o Brasil nos eixos, uma responsabilidade fiscal maior. Ent\u00e3o estaremos, muito provavelmente, caminhando de maneira solit\u00e1ria no primeiro turno, mas estaremos juntos no segundo turno. Isso n\u00e3o enfraquece nem o partido dele, nem o meu.<\/p>\n\n\n\n<p><strong>BBC News Brasil &#8211; Se ele declarar apoio a outro candidato, o senhor estaria preparado para abrir m\u00e3o da sua candidatura em favor de uma candidatura de consenso \u00e0 direita?<\/strong><\/p>\n\n\n\n<p><strong>Zema<\/strong>&nbsp;&#8211; N\u00e3o. N\u00f3s vamos manter a nossa candidatura at\u00e9 o final.<\/p>\n\n\n\n<p><strong>BBC News Brasil &#8211; O senhor j\u00e1 disse que pretende conceder anistia ao ex-presidente Jair Bolsonaro, se eleito. Mant\u00e9m essa posi\u00e7\u00e3o mesmo depois de o Datafolha mostrar que 61% dos eleitores n\u00e3o votariam num candidato que declare que v\u00e1 aprovar a anistia?<\/strong><\/p>\n\n\n\n<p><strong>Zema<\/strong>&nbsp;&#8211; Mantenho sim. Eu n\u00e3o estou \u00e0 procura de voto, estou \u00e0 procura de solu\u00e7\u00e3o. Foi o que eu fiz em Minas Gerais. Tanto \u00e9 que, na minha reelei\u00e7\u00e3o, em 2022, eu falei: &#8216;Eu n\u00e3o vou dar o reajuste que as categorias [do funcionalismo p\u00fablico] querem. Eu n\u00e3o tenho dinheiro.&#8217;<\/p>\n\n\n\n<p>Se eu tiver de perder a elei\u00e7\u00e3o, eu prefiro perder a elei\u00e7\u00e3o e deixar um Estado vi\u00e1vel do que ganhar a elei\u00e7\u00e3o e o Estado virar um caos. E acabei sendo reeleito.<\/p>\n\n\n\n<p>No Brasil, n\u00f3s temos de parar de olhar para o passado e olhar para o futuro. N\u00f3s j\u00e1 demos anistia para assassino, para sequestrador na \u00e9poca do regime militar. E eu n\u00e3o vi nenhum tiro agora, nenhum assassinato. Por que n\u00e3o dar anistia? Acho que n\u00f3s temos de passar uma r\u00e9gua nisso, uma borracha, e olhar para o futuro.<\/p>\n\n\n\n<figure class=\"wp-block-image\"><img decoding=\"async\" src=\"https:\/\/ichef.bbci.co.uk\/ace\/ws\/640\/cpsprodpb\/cfd0\/live\/9831a6e0-792f-11f0-a34f-318be3fb0481.jpg.webp\" alt=\"O ex-presidente Jair Bolsonaro cumprimenta apoiadores durante uma caminhada para participar de um encontro com motociclistas na Capital Moto Week, em Bras\u00edlia, em 29 de julho de 2025.\"\/><figcaption class=\"wp-element-caption\">Legenda da foto,&#8217;Por que n\u00e3o dar anistia? Temos de passar uma r\u00e9gua nisso, uma borracha, e olhar para o futuro&#8217;, diz Zema, que promete perd\u00e3o a Bolsonaro, se eleito<\/figcaption><\/figure>\n\n\n\n<p><strong>BBC News Brasil &#8211; O senhor mencionou n\u00e3o ter dado reajuste para os servidores porque n\u00e3o tinha a receita naquele momento. Mas o senhor aumentou o seu pr\u00f3prio sal\u00e1rio em 300%, muito acima da infla\u00e7\u00e3o do per\u00edodo, que era de 153%. Diante desse fato, como \u00e9 que o senhor espera convencer o eleitor de que \u00e9 a pessoa certa para sanear as contas p\u00fablicas do pa\u00eds?<\/strong><\/p>\n\n\n\n<p><strong>Zema&nbsp;<\/strong>&#8211; Secret\u00e1rio em Minas Gerais e governador ganhavam menos do que secret\u00e1rio municipal e prefeito de cidade pequena. Nenhum governador, antes de mim, teve coragem de fazer essa corre\u00e7\u00e3o, entende?<\/p>\n\n\n\n<p>Eu queria que algu\u00e9m me recomendasse um secret\u00e1rio para Minas Gerais para ganhar menos do que um vereador de cidade pequena. Voc\u00ea simplesmente n\u00e3o encontra.<\/p>\n\n\n\n<p>No in\u00edcio do meu governo, na primeira gest\u00e3o, eu ainda consegui levar pessoas que foram meio como volunt\u00e1rias. Na segunda gest\u00e3o, eu j\u00e1 n\u00e3o tinha mais como segur\u00e1-los. Ent\u00e3o fiz a corre\u00e7\u00e3o necess\u00e1ria. Ganho hoje igual a outros governadores e os meus secret\u00e1rios ganham o equivalente a outros secret\u00e1rios em outros Estados. N\u00e3o adianta querer ficar tapando o sol com a peneira.<\/p>\n\n\n\n<p><strong>BBC News Brasil &#8211; Mas como o eleitor vai acreditar que o senhor est\u00e1 pronto para sanear as contas p\u00fablicas, se o senhor est\u00e1 pronto para aumentar o seu sal\u00e1rio em 300%?<\/strong><\/p>\n\n\n\n<p><strong>Zema<\/strong>&nbsp;&#8211; Como \u00e9 que se governa Minas Gerais com um secret\u00e1rio de Estado ganhando o que um vereador de cidade de 2 mil habitantes ganha? Porque o sal\u00e1rio do secret\u00e1rio \u00e9 proporcional ao meu, n\u00e3o tinha como corrigir uma coisa, sem corrigir a outra.<\/p>\n\n\n\n<p>E um detalhe: eu dou praticamente todo o meu sal\u00e1rio. Eu fui para a pol\u00edtica porque j\u00e1 estava com a minha vida resolvida. Ent\u00e3o, para mim, o sal\u00e1rio n\u00e3o faz nenhuma diferen\u00e7a, eu estou trabalhando mais como volunt\u00e1rio.<\/p>\n\n\n\n<figure class=\"wp-block-image\"><img decoding=\"async\" src=\"https:\/\/ichef.bbci.co.uk\/ace\/ws\/640\/cpsprodpb\/4807\/live\/2a40b440-7930-11f0-a34f-318be3fb0481.jpg.webp\" alt=\"Detalhe da camisa de Zema, com uma bandeira de Minas Gerais no peito. A bandeira \u00e9 branca com um tri\u00e2ngulo vermelho no centro e a frase em latim &quot;Libertas quae sera tamen&quot; (Liberdade, ainda que tardia)\"\/><figcaption class=\"wp-element-caption\">Legenda da foto,&#8217;Como \u00e9 que se governa Minas Gerais com um secret\u00e1rio de Estado ganhando o que um vereador de cidade de 2 mil habitantes ganha?&#8217;, diz Zema, justificando o aumento de 300% do seu pr\u00f3prio sal\u00e1rio, aprovado em 2024<\/figcaption><\/figure>\n\n\n\n<p><strong>BBC News Brasil &#8211; Entrando na quest\u00e3o da crise entre Brasil e Estados Unidos, o senhor j\u00e1 disse que considera a taxa\u00e7\u00e3o de Trump &#8220;errada e injusta&#8221;, mas, ao mesmo tempo, disse em uma entrevista \u00e0 revista Veja que, se ele tivesse retaliado &#8220;quem \u00e9 respons\u00e1vel, tudo bem&#8221;. O senhor defende as san\u00e7\u00f5es de Trump contra Alexandre de Moraes?<\/strong><\/p>\n\n\n\n<p><strong>Zema<\/strong>&nbsp;&#8211; Defendo. Defendo contra todo o sistema ditatorial. N\u00f3s n\u00e3o estamos prezando tanto a democracia aqui no Brasil? Agora, n\u00f3s temos de lembrar de um detalhe: se tem uma democracia que \u00e9 refer\u00eancia no mundo, \u00e9 a dos Estados Unidos, a da Inglaterra.<\/p>\n\n\n\n<p>E se tem um pa\u00eds como os Estados Unidos retaliando algu\u00e9m aqui, ao lado de ditadores, de Cuba, de Venezuela e de outros pa\u00edses, eu acho que isso \u00e9 um alerta para o Brasil.<\/p>\n\n\n\n<p>Acho que o governo dos Estados Unidos n\u00e3o deveria ter colocado tarifa\u00e7o. Deveria, sim, ter retaliado as pessoas que est\u00e3o provocando esses problemas aqui no Brasil.<\/p>\n\n\n\n<p><strong>BBC News Brasil &#8211; O senhor acha que \u00e9 correta a interfer\u00eancia de um chefe de Estado estrangeiro sobre o sistema de Justi\u00e7a brasileiro?<\/strong><\/p>\n\n\n\n<p><strong>Zema&nbsp;<\/strong>&#8211; N\u00e3o est\u00e1 interferindo em nada. Eles n\u00e3o vieram aqui falar sobre decis\u00e3o do sistema judici\u00e1rio\u2026<\/p>\n\n\n\n<p><strong>BBC News Brasil &#8211; Eles est\u00e3o tentando pressionar por uma decis\u00e3o num sentido.<\/strong><\/p>\n\n\n\n<p><strong>Zema<\/strong>&nbsp;&#8211; Aquilo ali \u00e9 um tanto quanto velado. O que os Estados Unidos fizeram com o Brasil, fizeram agora recentemente com a \u00cdndia, n\u00e3o foi? \u00c9 muito mais uma quest\u00e3o econ\u00f4mica do que uma quest\u00e3o pol\u00edtica.<\/p>\n\n\n\n<p><strong>BBC News Brasil &#8211; Mas eles deixaram claramente escrito na carta [de Trump a Lula] que estavam contra os processos sofridos pelo ex-presidente Jair Bolsonaro, acho que n\u00e3o tem nenhuma d\u00favida de que a quest\u00e3o do ex-presidente Jair Bolsonaro pesou nessa [decis\u00e3o].<\/strong><\/p>\n\n\n\n<p><strong>Zema<\/strong>&nbsp;&#8211; Com toda certeza. Agora, se o governo tem uma bala e pode matar dois coelhos com essa bala, o que eles est\u00e3o fazendo? Aproveitando e colocando a parte econ\u00f4mica e a parte pol\u00edtica junto.<\/p>\n\n\n\n<p>Sou contra toda interfer\u00eancia em outro pa\u00eds, sou favor\u00e1vel e acredito que cada pa\u00eds tem a sua soberania. Interfer\u00eancias s\u00e3o sempre mal-vindas. A minha vis\u00e3o \u00e9 essa. Ent\u00e3o, nesse ponto, eu sou contr\u00e1rio.<\/p>\n\n\n\n<p><strong>BBC News Brasil &#8211; Mas o senhor, como presidente, permitiria, ent\u00e3o, que um pa\u00eds estrangeiro interferisse no sistema judici\u00e1rio do Brasil, como est\u00e1 acontecendo agora?<\/strong><\/p>\n\n\n\n<p><strong>Zema<\/strong>&nbsp;&#8211; Acho que n\u00f3s temos que pegar o contexto todo. O problema \u00e9 o seguinte: h\u00e1 anos o nosso presidente Lula tem criticado de maneira sistem\u00e1tica os Estados Unidos, tem feito descaso, tem feito ironia, tem questionado o d\u00f3lar e [os EUA] s\u00e3o o segundo maior cliente do Brasil.<\/p>\n\n\n\n<p>Eu fui varejista minha vida inteira. Cliente, a gente trata bem. A gente n\u00e3o fica fazendo ironia, n\u00e3o fica agredindo. E o presidente Lula fez isso e, al\u00e9m disso, se aproximou de pa\u00edses, de ditadores, nitidamente antiamericanos. Ent\u00e3o, me parece que ele deu todos os motivos para os Estados Unidos quererem fazer alguma retalia\u00e7\u00e3o aqui.<\/p>\n\n\n\n<figure class=\"wp-block-image\"><img decoding=\"async\" src=\"https:\/\/ichef.bbci.co.uk\/ace\/ws\/640\/cpsprodpb\/f85b\/live\/378e6fe0-7933-11f0-9a74-bbd8977304bc.jpg.webp\" alt=\"O presidente dos Estados Unidos, Donald Trump, ajusta bon\u00e9 onde se l\u00ea &quot;USA&quot; ao sair de avi\u00e3o presidencial que pousou em Amsterd\u00e3, para participar da c\u00fapula da OTAN em Haia, em 24 de junho de 2025.\"\/><figcaption class=\"wp-element-caption\">Legenda da foto,&#8217;Acho que o governo dos EUA n\u00e3o deveria ter colocado tarifa\u00e7o. Deveria, sim, ter retaliado as pessoas que est\u00e3o provocando esses problemas aqui no Brasil&#8217;, diz Zema<\/figcaption><\/figure>\n\n\n\n<p><strong>BBC News Brasil &#8211; O senhor mesmo citou o exemplo da \u00cdndia, o primeiro-ministro Modi, que era pr\u00f3ximo ao governo Trump, foi negociar, e ainda assim saiu com uma tarifa de 50%. Diante desse exemplo da \u00cdndia, o senhor ainda acha que seria poss\u00edvel um di\u00e1logo com Trump?<\/strong><\/p>\n\n\n\n<p><strong>Zema<\/strong>&nbsp;&#8211; No dia que Trump anunciou o tarifa\u00e7o, Lula deveria ter ido imediatamente encontr\u00e1-lo para saber o que estava acontecendo. Os EUA representam cerca de 12% da balan\u00e7a comercial brasileira. O Brasil, para os EUA, acho que 1,5%. Um cliente que \u00e9 respons\u00e1vel por 12% das suas vendas, voc\u00ea n\u00e3o pode virar as costas, muito menos ficar agredindo gratuitamente, e foi o que o presidente fez.<\/p>\n\n\n\n<p>Ent\u00e3o, acho que n\u00f3s temos que nos colocar no nosso lugar. O Brasil \u00e9 um pa\u00eds que merece considera\u00e7\u00e3o, mas acho que o presidente Lula se julga muito mais do que o presidente do Brasil, infelizmente.<\/p>\n\n\n\n<p><strong>BBC News Brasil &#8211; E como o senhor avalia a a\u00e7\u00e3o do&nbsp;<\/strong><a href=\"https:\/\/www.bbc.com\/portuguese\/articles\/c987e8znyg9o\"><strong>deputado Eduardo Bolsonaro<\/strong><\/a><strong>, que tem reivindicado mais san\u00e7\u00f5es contra o Brasil, mesmo depois das tarifas de 50%, das investiga\u00e7\u00f5es comerciais, e das san\u00e7\u00f5es contra ministros do Supremo?<\/strong><\/p>\n\n\n\n<p><strong>Zema&nbsp;<\/strong>&#8211; Eu julgo que o Brasil \u00e9 em primeiro lugar. Ningu\u00e9m, nenhuma pessoa, nem o presidente, est\u00e1 acima de uma na\u00e7\u00e3o com mais de 200 milh\u00f5es de habitantes. Nenhum ex-presidente, nenhum ministro, ningu\u00e9m. Ent\u00e3o, n\u00e3o concordo.<\/p>\n\n\n\n<p><strong>BBC News Brasil &#8211; O senhor acha que o deputado est\u00e1 errado?<\/strong><\/p>\n\n\n\n<p><strong>Zema&nbsp;<\/strong>&#8211; Sim, primeiro o interesse do pa\u00eds e n\u00e3o o interesse de algu\u00e9m.<\/p>\n\n\n\n<figure class=\"wp-block-image\"><img decoding=\"async\" src=\"https:\/\/ichef.bbci.co.uk\/ace\/ws\/640\/cpsprodpb\/d6ff\/live\/bce4f130-793a-11f0-94a5-1b3e5678e490.jpg.webp\" alt=\"Eduardo Bolsonaro de terno e sentado \u00e0 frente de um laptop, ao lado de uma planta e com um quadro da Est\u00e1tua da Liberdade ao fundo\"\/><figcaption class=\"wp-element-caption\">Legenda da foto,&#8217;Ningu\u00e9m, nenhuma pessoa, nem o presidente, est\u00e1 acima de uma na\u00e7\u00e3o com mais de 200 milh\u00f5es de habitantes. Nenhum ex-presidente, nenhum ministro, ningu\u00e9m. Ent\u00e3o, n\u00e3o concordo&#8217;, diz Zema, sobre atua\u00e7\u00e3o de Eduardo Bolsonaro no EUA, articulando san\u00e7\u00f5es contra o Brasil<\/figcaption><\/figure>\n\n\n\n<p><strong>BBC News Brasil &#8211; O senhor tem defendido que o governo deveria ter negociado mais. Minas Gerais tem grande parte das reservas brasileiras de terras raras e minerais cr\u00edticos. O senhor acredita que esses minerais deveriam fazer parte dessas negocia\u00e7\u00f5es com Trump?<\/strong><\/p>\n\n\n\n<p><strong>Zema<\/strong>&nbsp;&#8211; Sim, com toda certeza. O Brasil hoje \u00e9 o maior fornecedor mundial de ni\u00f3bio, que inclusive \u00e9 produzido em Minas Gerais. Cerca de 80% do suprimento mundial de ni\u00f3bio, que \u00e9 utilizado em superligas, \u00e9 produzido [em Minas].<\/p>\n\n\n\n<p>Acho que o Brasil tem de colocar tudo isso na balan\u00e7a sim, mas n\u00f3s temos um presidente que fica s\u00f3 agredindo verbalmente, que n\u00e3o sabe negociar. Acho que ele deveria aprender.<\/p>\n\n\n\n<p><strong>BBC News Brasil &#8211; O presidente Trump declarou cart\u00e9is de narcotr\u00e1fico como organiza\u00e7\u00f5es terroristas, abrindo caminho para interven\u00e7\u00f5es por terra e mar nos pa\u00edses onde essas organiza\u00e7\u00f5es atuam. Se Trump declarar o PCC como organiza\u00e7\u00e3o terrorista, o senhor como presidente aceitaria que militares americanos viessem ao Brasil combater o PCC?<\/strong><\/p>\n\n\n\n<p><strong>Zema<\/strong>&nbsp;&#8211; Se \u00e9 para combater o terrorismo, acho que todos os pa\u00edses t\u00eam de caminhar juntos. Eu estive recentemente em El Salvador, faz 90 dias. L\u00e1, as organiza\u00e7\u00f5es criminosas, as fac\u00e7\u00f5es foram equiparadas a terroristas. Sabe o que aconteceu com os homic\u00eddios? Ca\u00edram mais de 99%.<\/p>\n\n\n\n<p>Isso significou penas dur\u00edssimas para quem \u00e9 membro de fac\u00e7\u00e3o criminosa e bandido atr\u00e1s das grades. Eu tenho certeza que todo brasileiro de bem quer isso, porque n\u00f3s estamos fartos da viol\u00eancia.<\/p>\n\n\n\n<p><strong>BBC News Brasil &#8211; Mas estamos falando da a\u00e7\u00e3o de um Estado estrangeiro em territ\u00f3rio brasileiro.<\/strong><\/p>\n\n\n\n<p><strong>Zema<\/strong>&nbsp;&#8211; Uma opera\u00e7\u00e3o, sou totalmente de acordo. Que venha para c\u00e1 pessoal da Argentina, do Uruguai, do Peru, se for para combater.<\/p>\n\n\n\n<p><strong>BBC News Brasil &#8211; O senhor n\u00e3o v\u00ea nenhum risco \u00e0 soberania nacional?<\/strong><\/p>\n\n\n\n<p><strong>Zema&nbsp;<\/strong>&#8211; Se for tudo pr\u00e9-acordado, n\u00e3o, de forma alguma. Acho que n\u00f3s temos de unir for\u00e7as para combater, porque n\u00f3s temos a\u00ed lugares que j\u00e1 se transformaram em narcoestados.<\/p>\n\n\n\n<p>Ent\u00e3o \u00e9 isso que n\u00f3s queremos para o Brasil. Vinte e tr\u00eas milh\u00f5es de brasileiros vivem hoje em regi\u00f5es onde quem domina, quem manda, n\u00e3o \u00e9 o Estado brasileiro, s\u00e3o as fac\u00e7\u00f5es criminosas.<\/p>\n\n\n\n<p>Isso para mim n\u00e3o \u00e9 vida. N\u00f3s temos, em primeiro lugar, de colocarmos essas pessoas dentro do sistema de inclus\u00e3o social. Elas est\u00e3o em outro pa\u00eds, onde bandido manda, tem l\u00e1 at\u00e9 tribunal do crime.<\/p>\n\n\n\n<figure class=\"wp-block-image\"><img decoding=\"async\" src=\"https:\/\/ichef.bbci.co.uk\/ace\/ws\/640\/cpsprodpb\/1d82\/live\/5005e3c0-793b-11f0-83cc-c5da98c419b8.jpg.webp\" alt=\"Prisioneiros amarrados e agachados, seminus, um ao lado do outro, na megapris\u00e3o de El Salvador\"\/><figcaption class=\"wp-element-caption\">Legenda da foto,Zema cita El Salvador, com sua pol\u00edtica de encarceramento em massa, como um exemplo para as pol\u00edticas de seguran\u00e7a p\u00fablica no Brasil e diz que aceitaria a\u00e7\u00e3o americana em territ\u00f3rio nacional para combate ao PCC<\/figcaption><\/figure>\n\n\n\n<p><strong>BBC News Brasil &#8211; O senhor j\u00e1 defendeu a remo\u00e7\u00e3o compuls\u00f3ria de moradores de rua em Belo Horizonte. Nos EUA, Trump convocou a Guarda Nacional para expulsar pessoas em situa\u00e7\u00e3o de rua da capital do pa\u00eds. O Brasil tem mais de 300 mil pessoas em situa\u00e7\u00e3o de rua. O que o senhor pretende fazer com rela\u00e7\u00e3o a essas pessoas, se vier a ser eleito?<\/strong><\/p>\n\n\n\n<p><strong>Zema<\/strong>&nbsp;&#8211; Eu quero resolver esse problema.<\/p>\n\n\n\n<p>Se algu\u00e9m deixa o carro estacionado num lugar proibido, o carro n\u00e3o \u00e9 guinchado? Agora vai ficar algu\u00e9m na porta de um comerciante que paga imposto, que gera emprego, fazendo sujeira, atrapalhando, amea\u00e7ando o cliente. Ningu\u00e9m pode fazer nada.<\/p>\n\n\n\n<p>Espa\u00e7o p\u00fablico \u00e9 para todos utilizarem. Na minha opini\u00e3o, n\u00f3s t\u00ednhamos de ter uma lei, o seguinte: \u00e9 proibido dormir em via p\u00fablica. \u00c9 proibido ficar acampado em via p\u00fablica.<\/p>\n\n\n\n<p>Isso est\u00e1 criando um problema gigantesco no Brasil. Mas \u00e9 um problema que n\u00f3s precisamos dar um embasamento legal, porque isso est\u00e1 gerando um problema de seguran\u00e7a social enorme no Brasil. Tem \u00e1reas de algumas cidades que o idoso n\u00e3o pode morar mais, porque se ele andar na rua com dificuldade, vai vir algu\u00e9m e vai arrancar alguma coisa que ele est\u00e1 carregando.<\/p>\n\n\n\n<p>Esse \u00e9 o pa\u00eds que n\u00f3s queremos? Eu tenho certeza que n\u00e3o \u00e9. E tenho certeza que a maioria dos brasileiros concordam comigo. S\u00f3 essas ONGs bobinhas a\u00ed, que n\u00e3o tem o que fazer, \u00e9 que parece que s\u00e3o contra isso.<\/p>\n\n\n\n<p><strong>BBC News Brasil &#8211; A solu\u00e7\u00e3o do senhor para esse problema em n\u00edvel nacional seria uma pol\u00edtica de remo\u00e7\u00e3o em n\u00edvel nacional? O que o senhor est\u00e1 defendendo, exatamente?<\/strong><\/p>\n\n\n\n<p><strong>Zema<\/strong>&nbsp;&#8211; Tem albergues, tem abrigos, essas pessoas t\u00eam de ir para esses lugares. S\u00f3 que elas se negam a ir. Na minha opini\u00e3o, n\u00e3o \u00e9 direito delas ficarem dormindo na porta da casa de algu\u00e9m, na porta do com\u00e9rcio de algu\u00e9m.<\/p>\n\n\n\n<p>Virou modo de vida isso no Brasil, muitas vezes ligado a uma depend\u00eancia qu\u00edmica que faz com que essas pessoas n\u00e3o tenham mais condi\u00e7\u00e3o de raciocinar adequadamente.<\/p>\n\n\n\n<p><strong>BBC News Brasil &#8211; O senhor acha ent\u00e3o que o &#8220;modelo Trump&#8221; pode ser um modelo para o Brasil?<\/strong><\/p>\n\n\n\n<p><strong>Zema<\/strong>&nbsp;&#8211; N\u00e3o conhe\u00e7o o modelo dele em detalhes, mas o que eu estou propondo \u00e9 o tratamento adequado para essas pessoas e lev\u00e1-las para esses centros de recupera\u00e7\u00e3o que existem, mas que elas se negam a ir.<\/p>\n\n\n\n<figure class=\"wp-block-image\"><img decoding=\"async\" src=\"https:\/\/ichef.bbci.co.uk\/ace\/ws\/640\/cpsprodpb\/3b73\/live\/c5a0da90-793b-11f0-94a5-1b3e5678e490.jpg.webp\" alt=\"Um morador de rua senta-se em sua barraca improvisada em S\u00e3o Paulo, em 30 de maio de 2024.\"\/><figcaption class=\"wp-element-caption\">Legenda da foto,&#8217;Na minha opini\u00e3o, n\u00f3s t\u00ednhamos de ter uma lei, o seguinte: \u00e9 proibido dormir em via p\u00fablica. \u00c9 proibido ficar acampado em via p\u00fablica&#8217;, diz Zema<\/figcaption><\/figure>\n\n\n\n<p><strong>BBC News Brasil &#8211; O senhor j\u00e1 deu tamb\u00e9m diversas declara\u00e7\u00f5es associando o Bolsa Fam\u00edlia \u00e0 escassez de m\u00e3o de obra das empresas, embora os dados do Caged mostrem que, no ano passado, 75% dos empregos com carteira criados no Brasil foram ocupados por benefici\u00e1rios do programa. O senhor pretende mudar o programa, caso venha a ser eleito?<\/strong><\/p>\n\n\n\n<p><strong>Zema<\/strong>&nbsp;&#8211; Pretendo aperfei\u00e7o\u00e1-lo, sim. Na minha opini\u00e3o, quem recebe o Bolsa Fam\u00edlia deveria continuar recebendo o Bolsa Fam\u00edlia quando consegue um emprego, at\u00e9 para ele ver que no emprego ele vai aprender, ele est\u00e1 se qualificando, ele est\u00e1 se desenvolvendo.<\/p>\n\n\n\n<p><strong>BBC News Brasil &#8211; Mas isso j\u00e1 acontece hoje. Com a regra de transi\u00e7\u00e3o do Bolsa Fam\u00edlia, isso j\u00e1 est\u00e1 acontecendo [<\/strong><em><strong>Nota da reda\u00e7\u00e3o: introduzida em 2023, a chamada regra de prote\u00e7\u00e3o permite que fam\u00edlias que elevem sua renda at\u00e9 R$ 706 por pessoa continuem a receber metade do benef\u00edcio por at\u00e9 12 meses<\/strong><\/em><strong>].<\/strong><\/p>\n\n\n\n<p><strong>Zema<\/strong>&nbsp;&#8211; Eu n\u00e3o sei exatamente. N\u00e3o sei se voc\u00ea tem os detalhes, mas eu acho que durante um ano ele tinha de continuar recebendo o Bolsa Fam\u00edlia, at\u00e9 para ele ter um incentivo.<\/p>\n\n\n\n<p><strong>BBC News Brasil &#8211; Esse \u00e9 o desenho atual do programa\u2026<\/strong><\/p>\n\n\n\n<p><strong>Zema<\/strong>&nbsp;&#8211; \u00c9 um ano? Continua recebendo 100%?<\/p>\n\n\n\n<p><strong>BBC News Brasil &#8211; Depende da mudan\u00e7a de renda. Se passar do n\u00edvel de renda, ele pode ser exclu\u00eddo, mas tem essa cl\u00e1usula, sim. Isso j\u00e1 est\u00e1 acontecendo no modelo atual.<\/strong><\/p>\n\n\n\n<p><strong>Zema<\/strong>&nbsp;&#8211; Eu quero deixar claro o seguinte: o que eu quero \u00e9 que n\u00f3s tenhamos um processo de desmame do Bolsa Fam\u00edlia, bem feito. N\u00e3o tenho detalhes do modelo hoje, mas muita gente fala: &#8216;Eu n\u00e3o vou [trabalhar], porque estou trocando o certo pelo incerto&#8217;.<\/p>\n\n\n\n<p>Ent\u00e3o, acho que n\u00f3s temos de criar incentivos para que quem est\u00e1 no Bolsa Fam\u00edlia trabalhe e continue recebendo o Bolsa Fam\u00edlia por um bom tempo. Que esse desmame seja longo, porque o que est\u00e1 acontecendo aqui no Brasil \u00e9 que n\u00e3o existe mais desmame e tem gente que est\u00e1 recebendo o Bolsa Fam\u00edlia h\u00e1 20, h\u00e1 25 anos, desde o in\u00edcio do programa. Ent\u00e3o ele tem mostrado que \u00e9 um programa que n\u00e3o resolve efetivamente.<\/p>\n\n\n\n<figure class=\"wp-block-image\"><img decoding=\"async\" src=\"https:\/\/ichef.bbci.co.uk\/ace\/ws\/640\/cpsprodpb\/3875\/live\/483ecfc0-793c-11f0-ab3e-bd52082cd0ae.jpg.webp\" alt=\"Mulher jovem segurando um cart\u00e3o do Bolsa Fam\u00edlia. O cart\u00e3o aparece em primeiro plano e em foco, e a mulher est\u00e1 desfocada ao fundo\"\/><figcaption class=\"wp-element-caption\">Legenda da foto,&#8217;Na minha opini\u00e3o, quem recebe o Bolsa Fam\u00edlia deveria continuar recebendo quando consegue um emprego&#8217;, defende Zema \u2014 mas o programa j\u00e1 tem hoje essa possibilidade, com a regra de prote\u00e7\u00e3o, introduzida em 2023<\/figcaption><\/figure>\n\n\n\n<p><strong>BBC News Brasil &#8211; Mas 1 milh\u00e3o de pessoas j\u00e1 sa\u00edram do Bolsa Fam\u00edlia no per\u00edodo recente [apenas no m\u00eas de julho], isso \u00e9 um dado oficial do governo. As pessoas est\u00e3o saindo do programa.<\/strong><\/p>\n\n\n\n<p><strong>Zema<\/strong>&nbsp;&#8211; Mas quantos ainda recebem Bolsa Fam\u00edlia no Brasil? 20 milh\u00f5es? [Eram 19,6 milh\u00f5es de fam\u00edlias em julho, segundo dados do governo]<\/p>\n\n\n\n<p><strong>BBC News Brasil &#8211; Sim, mas as pessoas est\u00e3o saindo. E a regra de transi\u00e7\u00e3o que o senhor est\u00e1 propondo j\u00e1 existe. Ent\u00e3o, para mim, n\u00e3o est\u00e1 claro qual \u00e9 o problema do senhor com [o programa].<\/strong><\/p>\n\n\n\n<p><strong>Zema<\/strong>&nbsp;&#8211; Ent\u00e3o, acho que n\u00f3s temos de aperfei\u00e7o\u00e1-lo, porque o que existe hoje, e eu tamb\u00e9m quero te lembrar, \u00e9 o seguinte: toda semana eu estou no interior de Minas.<\/p>\n\n\n\n<p>Eu sou gestor, ch\u00e3o de f\u00e1brica. N\u00e3o fico l\u00e1 no meu gabinete, trancado, n\u00e3o. Eu vou na rua para ver o que est\u00e1 acontecendo. N\u00e3o sei se voc\u00ea costuma ir.<\/p>\n\n\n\n<p>E eu chego l\u00e1 na rua, no interior de Minas Gerais, converso com o produtor rural, converso com o comerciante, e eles me falam: &#8216;Tem um punhado de gente aqui na minha cidade que recebe o Bolsa Fam\u00edlia, vem aqui, quer trabalhar, mas n\u00e3o quer emprego formal, que emprego informal, sem registro.&#8217;<\/p>\n\n\n\n<p>A\u00ed o comerciante, a ind\u00fastria n\u00e3o quer porque n\u00e3o est\u00e1 cumprindo a legisla\u00e7\u00e3o. Ent\u00e3o, h\u00e1, em muitos casos, essa quest\u00e3o de haver uma resist\u00eancia por parte do benefici\u00e1rio em aceitar um emprego formal, porque ele vai estar perdendo alguma coisa, ou agora, ou no futuro. Ent\u00e3o isso, para mim, sinaliza que o programa precisa ser aperfei\u00e7oado.<\/p>\n\n\n\n<p><strong>BBC News Brasil &#8211; Mas o senhor n\u00e3o acredita que isso pode ser fruto de um preconceito que se tem com os benefici\u00e1rios do Bolsa Fam\u00edlia e que talvez essa dificuldade de contratar esteja mais ligada ao pleno emprego que a gente tem atualmente?<\/strong><\/p>\n\n\n\n<p><strong>Zema<\/strong>&nbsp;&#8211; Ent\u00e3o, hoje n\u00f3s temos praticamente uma situa\u00e7\u00e3o de pleno emprego. Agora, se voc\u00ea anunciar, &#8216;eu estou com vagas&#8217;, se for formal, muitas pessoas n\u00e3o querem. Se for informal, elas querem. O que \u00e9 estranho, porque o emprego formal \u00e9 que d\u00e1 mais garantias, que d\u00e1 mais acesso a aposentadoria, Fundo de Garantia, etc.<\/p>\n\n\n\n<p>Ent\u00e3o est\u00e1 muito claro: ou a popula\u00e7\u00e3o est\u00e1 ignorante e n\u00e3o sabe que o programa tem esse benef\u00edcio que voc\u00ea est\u00e1 falando, ou ent\u00e3o n\u00f3s precisamos mudar essa forma do desmame, que n\u00e3o est\u00e1 adequada, porque muitas pessoas hoje simplesmente n\u00e3o aceitam trabalhar formalmente.<\/p>\n\n\n\n<p>Ent\u00e3o n\u00f3s temos que levantar. Talvez \u00e9 alguma coisa que eu ignore, que eu n\u00e3o estou sabendo, mas indo ao ch\u00e3o de f\u00e1brica, o que eu tenho nesse momento de informa\u00e7\u00e3o \u00e9 isso.<\/p>\n\n\n\n<figure class=\"wp-block-image\"><img decoding=\"async\" src=\"https:\/\/ichef.bbci.co.uk\/ace\/ws\/640\/cpsprodpb\/435b\/live\/beabbc90-793c-11f0-a34f-318be3fb0481.jpg.webp\" alt=\"Uma placa em frente a uma loja no centro de S\u00e3o Paulo onde se l\u00ea: &quot;Estamos contratando, traga o seu curr\u00edculo&quot;\"\/><figcaption class=\"wp-element-caption\">Legenda da foto,&#8221;Hoje n\u00f3s temos praticamente uma situa\u00e7\u00e3o de pleno emprego. Agora, se voc\u00ea anunciar, &#8216;eu estou com vagas&#8217;, se for formal, muitas pessoas n\u00e3o querem&#8221;, diz Zema \u2014 no entanto, o Brasil atingiu em junho recorde de empregados com carteira assinada, somando 39 milh\u00f5es, conforme o dado mais recente do IBGE<\/figcaption><\/figure>\n\n\n\n<p><strong>BBC News Brasil &#8211; O senhor declarou um patrim\u00f4nio de quase R$ 130 milh\u00f5es em 2022 e, portanto, deve ser um dos afetados pelo aumento da taxa\u00e7\u00e3o dos mais ricos com a reforma do Imposto de Renda. Como avalia essa reforma?<\/strong><\/p>\n\n\n\n<p><strong>Zema<\/strong>&nbsp;&#8211; Avalio ela como positiva. O Brasil precisa melhorar a sua tributa\u00e7\u00e3o, torn\u00e1-la mais progressiva.<\/p>\n\n\n\n<p>Hoje n\u00f3s temos muito esse processo de pejotiza\u00e7\u00e3o, em que muitas pessoas trabalham como prestadores de servi\u00e7os por motivo tribut\u00e1rio, mas \u00e9 o equivalente a empregado. Ent\u00e3o, acho que n\u00f3s t\u00ednhamos de ter aqui uma &#8220;CLT 2&#8221; que permitisse algu\u00e9m fazer essa op\u00e7\u00e3o.<\/p>\n\n\n\n<p>N\u00e3o \u00e9 acabar com a CLT, n\u00e3o, entendeu. Ser\u00e1 que n\u00f3s n\u00e3o temos gente madura para poder escolher?<\/p>\n\n\n\n<p>Hoje parece que n\u00f3s estamos beneficiando aqueles que t\u00eam condi\u00e7\u00e3o de constituir uma empresa, que t\u00eam condi\u00e7\u00e3o de discutir um contrato de presta\u00e7\u00e3o de servi\u00e7o com o empregador ou com a empresa. E o mais simples, fica preso na CLT, onde ele \u00e9 penalizado pelo Imposto de Renda.<\/p>\n\n\n\n<p>Agora, eu sou favor\u00e1vel [\u00e0 reforma do IR], totalmente. N\u00f3s temos de fazer com que aqueles que ganham muito, paguem.<\/p>\n\n\n\n<p><strong>BBC News Brasil &#8211; L\u00e1 em 2023, o senhor&nbsp;<\/strong><a href=\"https:\/\/www.bbc.com\/portuguese\/articles\/cjmrxgmk9x4o\"><strong>comparou os Estados do Norte e Nordeste a &#8220;vaquinhas magras que produzem pouco&#8221;<\/strong><\/a><strong>, ao falar sobre distor\u00e7\u00f5es de arrecada\u00e7\u00e3o. E tamb\u00e9m disse que os Estados do Sul e Sudeste s\u00e3o os que podem contribuir para o pa\u00eds dar certo porque t\u00eam mais trabalhadores do que dependentes de aux\u00edlio. Como o senhor espera convencer os eleitores do Norte e Nordeste de que o senhor vai governar para eles tamb\u00e9m?<\/strong><\/p>\n\n\n\n<p><strong>Zema<\/strong>&nbsp;&#8211; O Brasil \u00e9 um s\u00f3. Eu abri lojas, v\u00e1rias, umas 40 no sul da Bahia. Gosto muito daquela regi\u00e3o l\u00e1 de Brumado, e n\u00e3o tenho nenhuma restri\u00e7\u00e3o ao Nordeste, aos nordestinos.<\/p>\n\n\n\n<p>Agora, \u00e9 fato aqui no Brasil que n\u00f3s temos hoje em v\u00e1rios Estados uma pol\u00edtica que \u00e9 perniciosa \u00e0 popula\u00e7\u00e3o, onde tem tipo um coronelismo. Isso precisa mudar.<\/p>\n\n\n\n<p>N\u00f3s precisamos avan\u00e7ar na quest\u00e3o das institui\u00e7\u00f5es p\u00fablicas. E isso tem sido dif\u00edcil em alguns Estados. Em Minas tem, em algumas cidades l\u00e1, essa cultura do pol\u00edtico dominar tudo, perseguir algu\u00e9m que n\u00e3o est\u00e1 dando apoio, isso \u00e9 muito triste. Isso n\u00e3o \u00e9 democracia para mim.<\/p>\n\n\n\n<p>Agora, eu sou favor\u00e1vel a ter ajuda \u00e0queles munic\u00edpios, \u00e0queles Estados que t\u00eam uma renda menor, que t\u00eam o IDH [\u00cdndice de Desenvolvimento Humano] menor. \u00c9 preciso fazer uma redistribui\u00e7\u00e3o. Isso j\u00e1 acontece no Brasil.<\/p>\n\n\n\n<p>Agora, n\u00f3s precisamos ter um plano de longo prazo tamb\u00e9m para que quem recebe ajuda v\u00e1 melhorando ao longo do tempo e n\u00e3o dependendo eternamente da ajuda.<\/p>\n\n\n\n<p>A Zona Franca de Manaus j\u00e1 existe h\u00e1 mais de 50 anos, e parece que n\u00e3o tem nenhum plano de desmame ali.<\/p>\n\n\n\n<figure class=\"wp-block-image\"><img decoding=\"async\" src=\"https:\/\/ichef.bbci.co.uk\/ace\/ws\/640\/cpsprodpb\/bf75\/live\/e4f542d0-793d-11f0-ab3e-bd52082cd0ae.jpg.webp\" alt=\"Romeu Zema, durante entrevista \u00e0 BBC. O pol\u00edtico aparece desfocado no segundo plano sentado em um banco alto, enquanto no primeiro plano vemos um celular filmando Zema, com a imagem dele em foco na tela\"\/><figcaption class=\"wp-element-caption\">Legenda da foto,&#8217;A Zona Franca de Manaus j\u00e1 existe h\u00e1 mais de 50 anos, e parece que n\u00e3o tem nenhum plano de desmame ali&#8217;, diz Zema, que defende que &#8216;todo subs\u00eddio deveria ser tempor\u00e1rio&#8217;<\/figcaption><\/figure>\n\n\n\n<p><strong>BBC News Brasil &#8211; O senhor pretende acabar com a Zona Franca de Manaus, ent\u00e3o, se se tornar presidente?<\/strong><\/p>\n\n\n\n<p><strong>Zema<\/strong>&nbsp;&#8211; N\u00e3o. Eu pretendo fazer o desmame. Eu acho que todos os Estados, cidades, t\u00eam de ter autonomia. Eu criei meus filhos para terem autonomia. Mas parece que, na pol\u00edtica, tem cidade, tem Estado, que quer ficar recebendo verba eternamente. Est\u00e1 errado.<\/p>\n\n\n\n<p>Recebendo subs\u00eddio eternamente, inclusive para o setor privado. Todo subs\u00eddio deveria ser tempor\u00e1rio.<\/p>\n\n\n\n<p><strong>BBC News Brasil &#8211; O senhor j\u00e1 deu declara\u00e7\u00f5es relativizando a ditadura militar, tem questionado agora publicamente a aplica\u00e7\u00e3o da Lei de Defesa do Estado Democr\u00e1tico, j\u00e1 deu declara\u00e7\u00f5es de que o [presidente Nayib] Bukele \u00e9 um exemplo para o senhor \u2013 Bukele que agora pode ser reeleito indefinidamente, conforme uma decis\u00e3o do Congresso de El Salvador. Os eleitores podem estar seguros de que, sob um eventual governo do senhor, a democracia brasileira est\u00e1 segura?<\/strong><\/p>\n\n\n\n<p><strong>Zema<\/strong>&nbsp;&#8211; Eu fui CEO de uma empresa durante 30 anos. Boa parte desse tempo, e nos \u00faltimos dez, 15 anos, ela est\u00e1 entre as melhores para se trabalhar no Brasil e entre as dez melhores de Minas Gerais.<\/p>\n\n\n\n<p>Eu acho que eu sei criar um clima de trabalho participativo, um clima de trabalho onde as pessoas s\u00e3o escutadas e eu sei trabalhar em time. Eu sei montar times. Foi o que eu fiz em Minas Gerais.<\/p>\n\n\n\n<p>E quem me conhece sabe que a \u00faltima coisa que eu sou \u00e9 autorit\u00e1rio. Agora, eu gosto das coisas certas. Eu gosto de bandido na cadeia, eu gosto de corrupto na cadeia, e isso n\u00e3o est\u00e1 acontecendo no Brasil. A\u00ed eles distorcem, falam que eu quero ser ditador. Nunca fui.<\/p>\n\n\n\n<p>Tem l\u00e1 5 mil empregados na empresa que eu era CEO. Vai l\u00e1 e pergunta como eu era presidente da empresa. Quem me conhece, sabe.<\/p>\n\n\n\n<p><strong>BBC News Brasil &#8211; Mas o senhor acredita na democracia como um valor, sendo uma pessoa que j\u00e1 relativizou a ditadura brasileira?<\/strong><\/p>\n\n\n\n<p><strong>Zema&nbsp;<\/strong>&#8211; Plenamente, plenamente. N\u00f3s tivemos aqui um regime militar, sim, mas do outro lado tinha terroristas, sequestrando e matando. Acho que estava meio que semelhante a uma guerra naquela \u00e9poca. Eu era crian\u00e7a muito pequena, n\u00e3o vou saber analisar bem, mas que teve um regime militar aqui, teve sim, inegavelmente. N\u00e3o quero aquilo de volta.<\/p>\n\n\n\n<p>Voc\u00ea falar que eu sou a favor [da ditadura], \u00e9 uma coisa muito diferente do que eu disse.<\/p>\n","protected":false},"excerpt":{"rendered":"<p>Zema diz que san\u00e7\u00f5es de Trump contra Moraes s\u00e3o corretas e que Lula &#8216;deu todos os motivos&#8217; para retalia\u00e7\u00e3o dos EUA Article Information \u00c0s v\u00e9speras de lan\u00e7ar sua pr\u00e9-candidatura \u00e0<\/p>\n","protected":false},"author":1,"featured_media":9486,"comment_status":"closed","ping_status":"closed","sticky":false,"template":"","format":"standard","meta":[],"categories":[1],"tags":[],"_links":{"self":[{"href":"https:\/\/7ports.com.br\/index.php?rest_route=\/wp\/v2\/posts\/9484"}],"collection":[{"href":"https:\/\/7ports.com.br\/index.php?rest_route=\/wp\/v2\/posts"}],"about":[{"href":"https:\/\/7ports.com.br\/index.php?rest_route=\/wp\/v2\/types\/post"}],"author":[{"embeddable":true,"href":"https:\/\/7ports.com.br\/index.php?rest_route=\/wp\/v2\/users\/1"}],"replies":[{"embeddable":true,"href":"https:\/\/7ports.com.br\/index.php?rest_route=%2Fwp%2Fv2%2Fcomments&post=9484"}],"version-history":[{"count":1,"href":"https:\/\/7ports.com.br\/index.php?rest_route=\/wp\/v2\/posts\/9484\/revisions"}],"predecessor-version":[{"id":9485,"href":"https:\/\/7ports.com.br\/index.php?rest_route=\/wp\/v2\/posts\/9484\/revisions\/9485"}],"wp:featuredmedia":[{"embeddable":true,"href":"https:\/\/7ports.com.br\/index.php?rest_route=\/wp\/v2\/media\/9486"}],"wp:attachment":[{"href":"https:\/\/7ports.com.br\/index.php?rest_route=%2Fwp%2Fv2%2Fmedia&parent=9484"}],"wp:term":[{"taxonomy":"category","embeddable":true,"href":"https:\/\/7ports.com.br\/index.php?rest_route=%2Fwp%2Fv2%2Fcategories&post=9484"},{"taxonomy":"post_tag","embeddable":true,"href":"https:\/\/7ports.com.br\/index.php?rest_route=%2Fwp%2Fv2%2Ftags&post=9484"}],"curies":[{"name":"wp","href":"https:\/\/api.w.org\/{rel}","templated":true}]}}