
{"id":9507,"date":"2025-08-23T20:41:04","date_gmt":"2025-08-23T23:41:04","guid":{"rendered":"https:\/\/7ports.com.br\/?p=9507"},"modified":"2025-08-23T20:51:44","modified_gmt":"2025-08-23T23:51:44","slug":"9507","status":"publish","type":"post","link":"https:\/\/7ports.com.br\/?p=9507","title":{"rendered":"Tarsc\u00edsio \u00e9 omisso com Bolsonarismo"},"content":{"rendered":"\n<h1 class=\"wp-block-heading\" id=\"content\">&#8216;Tarc\u00edsio quer ganhar bolsonarismo, mas \u00e9 omisso com Bolsonaro&#8217;, diz Malafaia<\/h1>\n\n\n\n<figure class=\"wp-block-image\"><img decoding=\"async\" src=\"https:\/\/ichef.bbci.co.uk\/ace\/ws\/640\/cpsprodpb\/1e21\/live\/3343e0e0-7fb5-11f0-a34f-318be3fb0481.jpg.webp\" alt=\"Malafaia gesticulando durante entrevista online\"\/><figcaption class=\"wp-element-caption\">Legenda da foto,&#8217;Eu tinha o Zoom no telefone que ficou com a PF&#8217;, disse Malafaia em tom de brincadeira, que precisou usar a plataforma na entrevista com a BBC News Brasil<\/figcaption><\/figure>\n\n\n\n<p><strong>Article Information<\/strong><\/p>\n\n\n\n<ul>\n<li>Author,<strong>Leandro Prazeres<\/strong><\/li>\n\n\n\n<li>Role,<strong>Da BBC News Brasil em Bras\u00edlia<\/strong><\/li>\n\n\n\n<li><a href=\"https:\/\/twitter.com\/PrazeresLeandro\">X,<strong>@PrazeresLeandro<\/strong><\/a><\/li>\n<\/ul>\n\n\n\n<p>A \u00faltima semana do pastor Silas Malafaia foi uma das mais movimentadas de sua vida at\u00e9 mesmo para um l\u00edder religioso acostumado a uma agenda turbulenta.<\/p>\n\n\n\n<p>Ao voltar de uma viagem a Portugal, na quarta-feira (20\/8), ele foi&nbsp;<a href=\"https:\/\/www.bbc.com\/portuguese\/articles\/cwy0je80ezqo\">alvo de uma opera\u00e7\u00e3o da Pol\u00edcia Federal autorizada pelo Supremo Tribunal Federal (STF).&nbsp;<\/a>Teve de entregar seu telefone celular e seu passaporte aos policiais.<\/p>\n\n\n\n<p>A perda do telefone, ali\u00e1s, quase inviabilizou a entrevista que o pastor concedeu \u00e0 BBC News Brasil na tarde de sexta-feira (22\/8).<\/p>\n\n\n\n<p>&#8220;Eu tinha o Zoom no telefone que ficou com a PF&#8221;, disse Malafaia \u00e0 reportagem em tom de brincadeira.<\/p>\n\n\n\n<p><a href=\"https:\/\/www.bbc.com\/usingthebbc\/cookies\/\">Advertisement<\/a><\/p>\n\n\n\n<p>Malafaia foi citado pela&nbsp;<a href=\"https:\/\/www.bbc.com\/portuguese\/articles\/c17nvepqny1o\">PF em um relat\u00f3rio<\/a>&nbsp;como uma das pessoas que teria contribu\u00eddo para a coa\u00e7\u00e3o de autoridades ligadas ao julgamento do ex-presidente no caso da suposta trama golpista juntamente com o ex-presidente Jair Bolsonaro e o deputado federal Eduardo Bolsonaro (PL-SP), que atualmente mora nos Estados Unidos.<\/p>\n\n\n\n<p><a href=\"https:\/\/www.bbc.com\/portuguese\/articles\/cqxgper95q8o#end-of-recommendations\">Pule Mais lidas e continue lendo<\/a><\/p>\n\n\n\n<p><strong>Mais lidas<\/strong><\/p>\n\n\n\n<ul>\n<li><img decoding=\"async\" src=\"https:\/\/ichef.bbci.co.uk\/ace\/ws\/660\/cpsprodpb\/661b\/live\/6ed2a4a0-748b-11f0-bc88-1f933688d83a.jpg.webp\" srcset=\"https:\/\/ichef.bbci.co.uk\/ace\/ws\/70\/cpsprodpb\/661b\/live\/6ed2a4a0-748b-11f0-bc88-1f933688d83a.jpg.webp 70w, https:\/\/ichef.bbci.co.uk\/ace\/ws\/95\/cpsprodpb\/661b\/live\/6ed2a4a0-748b-11f0-bc88-1f933688d83a.jpg.webp 95w, https:\/\/ichef.bbci.co.uk\/ace\/ws\/144\/cpsprodpb\/661b\/live\/6ed2a4a0-748b-11f0-bc88-1f933688d83a.jpg.webp 144w, https:\/\/ichef.bbci.co.uk\/ace\/ws\/183\/cpsprodpb\/661b\/live\/6ed2a4a0-748b-11f0-bc88-1f933688d83a.jpg.webp 183w, https:\/\/ichef.bbci.co.uk\/ace\/ws\/240\/cpsprodpb\/661b\/live\/6ed2a4a0-748b-11f0-bc88-1f933688d83a.jpg.webp 240w, https:\/\/ichef.bbci.co.uk\/ace\/ws\/320\/cpsprodpb\/661b\/live\/6ed2a4a0-748b-11f0-bc88-1f933688d83a.jpg.webp 320w, https:\/\/ichef.bbci.co.uk\/ace\/ws\/660\/cpsprodpb\/661b\/live\/6ed2a4a0-748b-11f0-bc88-1f933688d83a.jpg.webp 660w\" alt=\"Foto de pescador segurando um pirarucu. Os pirarucus s\u00e3o nativos da Amaz\u00f4nia e est\u00e3o entre os maiores peixes de \u00e1gua doce do mundo, podendo atingir at\u00e9 3 m de comprimento. \"><a href=\"https:\/\/www.bbc.com\/portuguese\/articles\/cy40vwy4v13o\">Pele de peixe gigante da Amaz\u00f4nia vira bolsa de luxo, mas ganho n\u00e3o chega a pescadores<\/a><\/li>\n\n\n\n<li><img decoding=\"async\" src=\"https:\/\/ichef.bbci.co.uk\/ace\/ws\/660\/cpsprodpb\/9aeb\/live\/b97674d0-744c-11f0-a975-cb151ca452f4.jpg.webp\" srcset=\"https:\/\/ichef.bbci.co.uk\/ace\/ws\/70\/cpsprodpb\/9aeb\/live\/b97674d0-744c-11f0-a975-cb151ca452f4.jpg.webp 70w, https:\/\/ichef.bbci.co.uk\/ace\/ws\/95\/cpsprodpb\/9aeb\/live\/b97674d0-744c-11f0-a975-cb151ca452f4.jpg.webp 95w, https:\/\/ichef.bbci.co.uk\/ace\/ws\/144\/cpsprodpb\/9aeb\/live\/b97674d0-744c-11f0-a975-cb151ca452f4.jpg.webp 144w, https:\/\/ichef.bbci.co.uk\/ace\/ws\/183\/cpsprodpb\/9aeb\/live\/b97674d0-744c-11f0-a975-cb151ca452f4.jpg.webp 183w, https:\/\/ichef.bbci.co.uk\/ace\/ws\/240\/cpsprodpb\/9aeb\/live\/b97674d0-744c-11f0-a975-cb151ca452f4.jpg.webp 240w, https:\/\/ichef.bbci.co.uk\/ace\/ws\/320\/cpsprodpb\/9aeb\/live\/b97674d0-744c-11f0-a975-cb151ca452f4.jpg.webp 320w, https:\/\/ichef.bbci.co.uk\/ace\/ws\/660\/cpsprodpb\/9aeb\/live\/b97674d0-744c-11f0-a975-cb151ca452f4.jpg.webp 660w\" alt=\"A young Chinese man sitting in an office\"><a href=\"https:\/\/www.bbc.com\/portuguese\/articles\/cwypp4qy603o\">Por que muitos chineses pagam para ir a escrit\u00f3rio e fingir que trabalham<\/a><\/li>\n\n\n\n<li><img decoding=\"async\" src=\"https:\/\/ichef.bbci.co.uk\/ace\/ws\/660\/cpsprodpb\/5f73\/live\/37104bb0-7ec4-11f0-83cc-c5da98c419b8.jpg.webp\" srcset=\"https:\/\/ichef.bbci.co.uk\/ace\/ws\/70\/cpsprodpb\/5f73\/live\/37104bb0-7ec4-11f0-83cc-c5da98c419b8.jpg.webp 70w, https:\/\/ichef.bbci.co.uk\/ace\/ws\/95\/cpsprodpb\/5f73\/live\/37104bb0-7ec4-11f0-83cc-c5da98c419b8.jpg.webp 95w, https:\/\/ichef.bbci.co.uk\/ace\/ws\/144\/cpsprodpb\/5f73\/live\/37104bb0-7ec4-11f0-83cc-c5da98c419b8.jpg.webp 144w, https:\/\/ichef.bbci.co.uk\/ace\/ws\/183\/cpsprodpb\/5f73\/live\/37104bb0-7ec4-11f0-83cc-c5da98c419b8.jpg.webp 183w, https:\/\/ichef.bbci.co.uk\/ace\/ws\/240\/cpsprodpb\/5f73\/live\/37104bb0-7ec4-11f0-83cc-c5da98c419b8.jpg.webp 240w, https:\/\/ichef.bbci.co.uk\/ace\/ws\/320\/cpsprodpb\/5f73\/live\/37104bb0-7ec4-11f0-83cc-c5da98c419b8.jpg.webp 320w, https:\/\/ichef.bbci.co.uk\/ace\/ws\/660\/cpsprodpb\/5f73\/live\/37104bb0-7ec4-11f0-83cc-c5da98c419b8.jpg.webp 660w\" alt=\"V\u00e1rios tipos de p\u00e3es em um espa\u00e7o de caf\u00e9 da manh\u00e3\"><a href=\"https:\/\/www.bbc.com\/portuguese\/articles\/ckgjw2dyv2ro\">Est\u00e1 na hora de acabar com o buffet de caf\u00e9 da manh\u00e3 de hotel?<\/a><\/li>\n\n\n\n<li><img decoding=\"async\" src=\"https:\/\/ichef.bbci.co.uk\/ace\/ws\/660\/cpsprodpb\/d042\/live\/e4f1b170-791e-11f0-902c-1f79ecbf29bb.jpg.webp\" srcset=\"https:\/\/ichef.bbci.co.uk\/ace\/ws\/70\/cpsprodpb\/d042\/live\/e4f1b170-791e-11f0-902c-1f79ecbf29bb.jpg.webp 70w, https:\/\/ichef.bbci.co.uk\/ace\/ws\/95\/cpsprodpb\/d042\/live\/e4f1b170-791e-11f0-902c-1f79ecbf29bb.jpg.webp 95w, https:\/\/ichef.bbci.co.uk\/ace\/ws\/144\/cpsprodpb\/d042\/live\/e4f1b170-791e-11f0-902c-1f79ecbf29bb.jpg.webp 144w, https:\/\/ichef.bbci.co.uk\/ace\/ws\/183\/cpsprodpb\/d042\/live\/e4f1b170-791e-11f0-902c-1f79ecbf29bb.jpg.webp 183w, https:\/\/ichef.bbci.co.uk\/ace\/ws\/240\/cpsprodpb\/d042\/live\/e4f1b170-791e-11f0-902c-1f79ecbf29bb.jpg.webp 240w, https:\/\/ichef.bbci.co.uk\/ace\/ws\/320\/cpsprodpb\/d042\/live\/e4f1b170-791e-11f0-902c-1f79ecbf29bb.jpg.webp 320w, https:\/\/ichef.bbci.co.uk\/ace\/ws\/660\/cpsprodpb\/d042\/live\/e4f1b170-791e-11f0-902c-1f79ecbf29bb.jpg.webp 660w\" alt=\"Duas mulheres chorando em meio a uma manifesta\u00e7\u00e3o\"><a href=\"https:\/\/www.bbc.com\/portuguese\/articles\/cp37dvkyx44o\">A trag\u00e9dia das 87 v\u00edtimas de fentanil contaminado na Argentina: &#8216;Ele foi ao hospital para tirar c\u00e1lculos e acabou morto&#8217;<\/a><\/li>\n<\/ul>\n\n\n\n<p id=\"end-of-recommendations\">Fim do Mais lidas<\/p>\n\n\n\n<p>Pai e filho foram indiciados pela PF. Malafaia, n\u00e3o.<\/p>\n\n\n\n<p>Mas \u00e1udios trocados entre Malafaia e&nbsp;<a href=\"https:\/\/www.bbc.com\/portuguese\/topics\/cg7267qv6q0t\">Bolsonaro<\/a>&nbsp;e divulgados pela Justi\u00e7a nesta semana mostraram que o pastor orientou o ex-presidente sobre como se manifestar em rela\u00e7\u00e3o ao&nbsp;<a href=\"https:\/\/www.bbc.com\/portuguese\/articles\/c0r7gewdpvjo\">tarifa\u00e7o imposto por Donald Trump a produtos brasileiros<\/a>, incentivou-o a gravar v\u00eddeos sobre o assunto e pareceu comemorar a imposi\u00e7\u00e3o de san\u00e7\u00f5es ao Brasil.<\/p>\n\n\n\n<p><a href=\"https:\/\/www.bbc.com\/portuguese\/articles\/cqxgper95q8o#end-of-podcasts\">Pule Whatsapp! e continue lendo<\/a><\/p>\n\n\n\n<figure class=\"wp-block-image\"><img decoding=\"async\" src=\"https:\/\/ichef.bbc.co.uk\/images\/ic\/512x512\/p0lq77dv.png.webp\" alt=\"BBC Brasil no WhatsAp\"\/><\/figure>\n\n\n\n<p><strong><a href=\"https:\/\/www.whatsapp.com\/channel\/0029VaVHa4S6rsQrlMVx8c0b\">No WhatsApp<\/a><\/strong><\/p>\n\n\n\n<p>Agora voc\u00ea pode receber as not\u00edcias da BBC News Brasil no seu celular.<\/p>\n\n\n\n<p>Clique para se inscrever<\/p>\n\n\n\n<p id=\"end-of-podcasts\">Fim do Whatsapp!<\/p>\n\n\n\n<p>&#8220;A faca e o queijo t\u00e1 contigo. Deus t\u00e1 contigo, cumpade. Eles t\u00e3o ferrado! V\u00e3o ter que sentar no colinho [sic]&#8221;, disse Malafaia.<\/p>\n\n\n\n<p>Na entrevista, o tom brincalh\u00e3o ao falar sobre seu telefone logo deu lugar ao seu conhecido estilo combativo. Malafaia voltou a atacar o STF e o&nbsp;<a href=\"https:\/\/www.bbc.com\/portuguese\/topics\/cvjp2jw7y40t\">ministro Alexandre de Moraes<\/a>. Segundo ele, a divulga\u00e7\u00e3o dos \u00e1udios das conversas entre ele e Jair Bolsonaro foi uma a\u00e7\u00e3o ilegal.<\/p>\n\n\n\n<p>Mas em meio \u00e0s cr\u00edticas a advers\u00e1rios pol\u00edticos, Malafaia tamb\u00e9m criticou potenciais aliados. O principal deles foi o&nbsp;<a href=\"https:\/\/www.bbc.com\/portuguese\/articles\/c74qxxl147yo\">governador de S\u00e3o Paulo, Tarc\u00edsio de Freitas<\/a>, apontado como poss\u00edvel sucessor de Jair Bolsonaro na direita.<\/p>\n\n\n\n<p>Segundo o pastor, Tarc\u00edsio estaria sendo omisso na defesa do ex-presidente.<\/p>\n\n\n\n<p>&#8220;Porque em todas as manifesta\u00e7\u00f5es em que ele participou (ele fica dizendo): &#8216;Volta Bolsonaro. Bolsonaro foi o maior presidente&#8217;. Mas eu nunca vi o Tarc\u00edsio fazer uma cr\u00edtica a Alexandre de Moraes e nem ao Supremo Tribunal Federal. Dizer &#8216;volta Bolsonaro&#8217; e que ele \u00e9 o maior presidente do Brasil, para ganhar o Bolsonaro?&#8221;, diz o pastor.<\/p>\n\n\n\n<figure class=\"wp-block-image\"><img decoding=\"async\" src=\"https:\/\/ichef.bbci.co.uk\/ace\/ws\/640\/cpsprodpb\/f0f7\/live\/bb8eee40-7fb5-11f0-83cc-c5da98c419b8.jpg.webp\" alt=\"Tarcisio discursando no microfone\"\/><figcaption class=\"wp-element-caption\">Legenda da foto,&#8217;N\u00e3o vou aqui queimar e arrebentar o Tarc\u00edsio e dizer que ele n\u00e3o vale mais nada. Por enquanto, tem me decepcionado&#8217;, disse Malafaia<\/figcaption><\/figure>\n\n\n\n<p>Malafaia tenta contemporizar suas cr\u00edticas ao governador, mas diz estar decepcionado com Tarc\u00edsio.<\/p>\n\n\n\n<p>&#8220;N\u00e3o vou aqui queimar e arrebentar o Tarc\u00edsio e dizer que ele n\u00e3o vale mais nada. Por enquanto, tem me decepcionado. Mas vamos ver a hist\u00f3ria para ver at\u00e9 onde isso vai&#8221;, diz.<\/p>\n\n\n\n<p>Na entrevista, Malafaia tamb\u00e9m defendeu o direito de l\u00edderes da direita de pedirem uma interven\u00e7\u00e3o norte-americana em favor da anistia a Jair Bolsonaro e outras pessoas supostamente ligadas aos atos de 8 de janeiro.<\/p>\n\n\n\n<p>&#8220;Voc\u00ea n\u00e3o tem para onde recorrer. \u00c9 direito e est\u00e1 na Carta Constitucional. Voc\u00ea pode recorrer a inst\u00e2ncias internacionais&#8221;, disse.<\/p>\n\n\n\n<p>Confira a seguir os principais trechos da entrevista, que foi editada para fins de clareza e concis\u00e3o.<\/p>\n\n\n\n<p><strong>BBC News Brasil &#8211; O senhor aparece em um inqu\u00e9rito da Pol\u00edcia Federal como investigado por coa\u00e7\u00e3o no processo que tramita contra o ex-presidente Jair Bolsonaro (PL) no STF. Qual \u00e9 a sua resposta em rela\u00e7\u00e3o a essas alega\u00e7\u00f5es feitas contra o senhor?<\/strong><\/p>\n\n\n\n<p><strong>Silas Malafaia \u2013<\/strong>&nbsp;Eu n\u00e3o sei se estou sendo investigado por coa\u00e7\u00e3o. O inqu\u00e9rito fala em obstru\u00e7\u00e3o de justi\u00e7a, aboli\u00e7\u00e3o do Estado Democr\u00e1tico de Direito, organiza\u00e7\u00e3o criminosa. Meu advogado ainda n\u00e3o teve acesso aos autos. Sei que \u00e9 um inqu\u00e9rito que envolve tudo isso. S\u00e3o v\u00e1rias quest\u00f5es que envolvem isso e me colocaram num inqu\u00e9rito, absurdamente, por pura persegui\u00e7\u00e3o pol\u00edtica.<\/p>\n\n\n\n<p><strong>BBC News Brasil &#8211;<\/strong>&nbsp;<strong>Por que o senhor diz que o senhor est\u00e1 sendo perseguido politicamente?<\/strong><\/p>\n\n\n\n<p><strong>Malafaia &#8211;<\/strong>&nbsp;O que \u00e9 que eu tenho a ver com isso? O que \u00e9 que eu tenho a ver com as san\u00e7\u00f5es internacionais contra o Brasil? O que \u00e9 que eu tenho a ver com a aboli\u00e7\u00e3o violenta do Estado Democr\u00e1tico de Direito? O que \u00e9 que eu tenho a ver com organiza\u00e7\u00e3o criminosa? Me colocar num inqu\u00e9rito sobre o qual eu n\u00e3o tenho nada a ver \u00e9 para me calar. Esse \u00e9 o modus operandi do ditador da toga, Alexandre de Moraes. Quando algu\u00e9m o incomoda, ele abre uma investiga\u00e7\u00e3o. \u00c9 uma investiga\u00e7\u00e3o que, logo de cara, \u00e9 sigilosa. Tem como dizer que isso n\u00e3o \u00e9 persegui\u00e7\u00e3o religiosa?<\/p>\n\n\n\n<p><strong>BBC News Brasil &#8211; O senhor fala em persegui\u00e7\u00e3o pol\u00edtica e depois em persegui\u00e7\u00e3o religiosa. Nos autos divulgados at\u00e9 agora, n\u00e3o consta qualquer men\u00e7\u00e3o \u00e0s suas prega\u00e7\u00f5es. O que consta, ao menos at\u00e9 onde est\u00e1 documentado, se refere \u00e0 sua atua\u00e7\u00e3o em rela\u00e7\u00e3o \u00e0 press\u00e3o pelo tarifa\u00e7o e pela anistia&#8230;<\/strong><\/p>\n\n\n\n<p><strong>Malafaia &#8211;<\/strong>&nbsp;Voc\u00ea j\u00e1 sabe? Porque eu n\u00e3o sei o que \u00e9. Voc\u00ea j\u00e1 recebeu a informa\u00e7\u00e3o?<\/p>\n\n\n\n<p><strong>BBC News Brasil &#8211;<\/strong>&nbsp;<strong>Em determinados pontos do inqu\u00e9rito, h\u00e1 \u00e1udios do senhor dizendo que o senhor conversou com pessoas que est\u00e3o falando diretamente com assessores de Trump. O senhor agiu de forma a pressionar ou a induzir pelo tarifa\u00e7o ao Brasil?<\/strong><\/p>\n\n\n\n<p><strong>Malafaia &#8211;<\/strong>&nbsp;Em primeiro lugar, houve uma viola\u00e7\u00e3o. A viola\u00e7\u00e3o do sigilo \u00e9 crime. N\u00e3o conhe\u00e7o nenhuma autoridade americana. N\u00e3o falo ingl\u00eas. Com quem eu falo? Falo poucas vezes com Paulo Figueiredo e com Eduardo Bolsonaro. O que eu tenho a ver com isso? Isso \u00e9 uma piada e uma covardia.<\/p>\n\n\n\n<figure class=\"wp-block-image\"><img decoding=\"async\" src=\"https:\/\/ichef.bbci.co.uk\/ace\/ws\/640\/cpsprodpb\/3086\/live\/aa8aca10-7fa1-11f0-83cc-c5da98c419b8.png.webp\" alt=\"Foto de Silas Malafaia empunhando um microfone e usando uma camisa amarela\"\/><figcaption class=\"wp-element-caption\">Legenda da foto,Pastor Silas Malafaia \u00e9 alvo de investiga\u00e7\u00e3o da Pol\u00edcia Federal. Ele foi citado em relat\u00f3rio por suspeita de ter atuado para coagir autoridades no caso que apura a suposta trama golpista da qual o ex-presidente Jair Bolsonaro \u00e9 r\u00e9u<\/figcaption><\/figure>\n\n\n\n<p><strong>BBC News Brasil \u2013<\/strong>&nbsp;<strong>O senhor est\u00e1 hoje reclamando de ter tido \u00e1udios e conversas divulgadas pela Justi\u00e7a, mas no dia 16 de mar\u00e7o de 2016, quando o ent\u00e3o juiz S\u00e9rgio Moro divulgou conversas entre a ent\u00e3o presidente Dilma Rousseff e Luiz In\u00e1cio Lula da Silva, o senhor foi \u00e0s redes sociais comemorar&#8230; N\u00e3o s\u00e3o dois pesos e duas medidas?<\/strong><\/p>\n\n\n\n<p><strong>Malafaia &#8211;<\/strong>&nbsp;Mas voc\u00ea est\u00e1 pegando uma coisa de nove anos atr\u00e1s para falar aqui. Venha falar do meu caso, pelo amor de Deus.<\/p>\n\n\n\n<p><strong>BBC News Brasil \u2013<\/strong>&nbsp;<strong>Estamos falando da mesma coisa, pastor&#8230;<\/strong><\/p>\n\n\n\n<p><strong>Malafaia \u2013<\/strong>&nbsp;Voc\u00ea quer justificar uma coisa antiga? Eu n\u00e3o sei nem do que voc\u00ea est\u00e1 falando? Voc\u00ea quer falar do meu caso? Ou quer falar de 1,4 mil pessoas? Por que voc\u00ea n\u00e3o falou que \u00e9 crime a viola\u00e7\u00e3o de sigilo? Por que a imprensa quer falar do que est\u00e1 na grava\u00e7\u00e3o e n\u00e3o denuncia o crime? \u00c9 crime violar a minha intimidade. S\u00f3 tem uma coisa boa neste epis\u00f3dio. Isso mostra que sou um cara independente, que meto o pau na hora que tem meter o pau. Que eu critico o Bolsonaro, que elogio o Bolsonaro, que critico o Eduardo. Qual v\u00ednculo pol\u00edtico eu tenho para influenciar alguma coisa internacionalmente? Isso \u00e9 uma piada. \u00c9 uma persegui\u00e7\u00e3o pol\u00edtica que est\u00e1 atingindo um religioso. Porque n\u00e3o deixei de ser religioso.<\/p>\n\n\n\n<p><strong>BBC News Brasil \u2013<\/strong>&nbsp;<strong>O senhor \u00e9 investigado por coa\u00e7\u00e3o e nega ter praticado esses atos. Mas os \u00e1udios que existem sobre o senhor o mostram recorrendo a um marqueteiro para elaborar uma campanha tendo o tarifa\u00e7o como mote. Isso n\u00e3o seria uma forma de pressionar as autoridades a desistirem de um processo que est\u00e1 em curso?<\/strong><\/p>\n\n\n\n<p><strong>Malafaia &#8211;<\/strong>&nbsp;Que democracia \u00e9 essa? \u00c9 livre a manifesta\u00e7\u00e3o de opini\u00e3o. Eu sou livre para dizer o que eu quero, com quem eu quero e a hora em que eu quero. Eu sou livre para chegar para o marqueteiro e dizer: &#8216;Vamos produzir um v\u00eddeo pra gente questionar o crime ou os crimes de Alexandre Moraes&#8217;. Repito: Alexandre de Moraes instituiu o crime de opini\u00e3o no Estado Democr\u00e1tico de Direito. Todas as minhas falas nas manifesta\u00e7\u00f5es s\u00e3o claras. N\u00e3o tem nada escondido, \u00e9 tudo claro.<\/p>\n\n\n\n<p><strong>BBC News Brasil &#8211;<\/strong>&nbsp;<strong>V\u00e1rios l\u00edderes da direita e inclusive personalidades da fam\u00edlia Bolsonaro v\u00eam defendendo que o que o tarifa\u00e7o seria uma forma de obter a anistia n\u00e3o apenas a Jair Bolsonaro. Mas nos \u00e1udios, o senhor diz o seguinte: &#8216;Esse cara fez uma coisa pra botar a bola quicando pra voc\u00ea&#8217;. Em outro \u00e1udio o senhor diz: &#8216;A faca e o queijo est\u00e1 na sua m\u00e3o&#8217;. O senhor acha leg\u00edtimo trabalhar por san\u00e7\u00f5es que podem prejudicar milh\u00f5es de brasileiros para defender a anistia a Jair Bolsonaro?<\/strong><\/p>\n\n\n\n<p><strong>Malafaia \u2013<\/strong>&nbsp;E voc\u00ea acha leg\u00edtimo voc\u00ea estar lendo uma coisa que \u00e9 criminosa? Algo vazado do meu sigilo?<\/p>\n\n\n\n<p><strong>BBC News Brasil \u2013<\/strong>&nbsp;<strong>S\u00f3 a t\u00edtulo de esclarecimento, pastor, o que estou lendo s\u00e3o \u00e1udios que foram divulgados pela Justi\u00e7a. N\u00e3o se trata de vazamento.<\/strong><\/p>\n\n\n\n<p><strong>Malafaia \u2013<\/strong>&nbsp;Vazados ilegalmente. Agora: o que eu tenho com isso? Quando veio o fato (o tarifa\u00e7o), a primeira coisa (que eu fiz): eu dei uma bordoada no Eduardo. &#8216;Deixa de ser babaca. Olha o que voc\u00ea est\u00e1 falando, rapaz&#8217;. Agora, (a defesa da anistia) n\u00e3o \u00e9 por causa de um homem. \u00c9 por causa de um homem perseguido politicamente, vergonhosamente numa farsa de golpe. E n\u00e3o \u00e9 s\u00f3 por causa dele. Tem uma mulher que rabiscou uma est\u00e1tua e foi condenada a 14 anos (de pris\u00e3o). Um cara que se sentou na cadeira de Alexandre de Moraes e pegou 17 anos (de pris\u00e3o).<\/p>\n\n\n\n<figure class=\"wp-block-image\"><img decoding=\"async\" src=\"https:\/\/ichef.bbci.co.uk\/ace\/ws\/640\/cpsprodpb\/9345\/live\/fd69c1a0-7fb5-11f0-83cc-c5da98c419b8.jpg.webp\" alt=\"Bolsonaro de costas olhando para algo e segurando \u00f3culos\"\/><figcaption class=\"wp-element-caption\">Legenda da foto,Mensagens trocadas entre Jair Bolsonaro e Silas Malafaia forma alvo de relat\u00f3rio da PF<\/figcaption><\/figure>\n\n\n\n<p><strong>BBC News Brasil \u2013<\/strong>&nbsp;<strong>Mas o senhor n\u00e3o os menciona nos \u00e1udios&#8230;<\/strong><\/p>\n\n\n\n<p><strong>Malafaia \u2013&nbsp;<\/strong>Eu falo um monte de coisas. Anistia total. Eu estava falando com Bolsonaro: voc\u00ea est\u00e1 com a faca e o queijo na m\u00e3o. Porque me parece que a carta de Donald Trump cita Bolsonaro e me parece que o documento de Donald Trump cita as a\u00e7\u00f5es de censura ilegais secretas de Alexandre Moraes. \u00c9 uma farsa essa hist\u00f3ria de golpe. A carta de Donald Trump n\u00e3o tem a ver quase com economia. Tem a ver com liberdade. Tem a ver com censura. Tem a ver com persegui\u00e7\u00e3o pol\u00edtica. O Supremo Tribunal Federal deixou de ser um Tribunal de Justi\u00e7a para se tornar um tribunal de exce\u00e7\u00e3o e um tribunal pol\u00edtico.<\/p>\n\n\n\n<p><strong>BBC News Brasil &#8211;<\/strong>&nbsp;<strong>Nos seus \u00e1udios endere\u00e7ados ao presidente Jair Bolsonaro, o senhor n\u00e3o menciona essas outras pessoas&#8230;<\/strong><\/p>\n\n\n\n<p><strong>Malafaia &#8211;<\/strong>&nbsp;Eu defendo a anistia (total) ou ser\u00e1 que voc\u00ea nunca viu um v\u00eddeo meu? Quantos v\u00eddeos eu devo ter sobre anistia? Isso \u00e9 uma conversa e uma fal\u00e1cia pra tentar me incriminar. Que poder eu tenho junto a autoridades americanas? Quem eu conhe\u00e7o entre as autoridades americana? Nenhuma.<\/p>\n\n\n\n<p><strong>BBC News Brasil &#8211;<\/strong>&nbsp;<strong>O senhor atuou diretamente para pressionar o governo norte americano por mais san\u00e7\u00f5es ao Brasil?<\/strong><\/p>\n\n\n\n<p><strong>Malafaia \u2013<\/strong>&nbsp;Como \u00e9 que eu atuaria se eu n\u00e3o falo com autoridade americana? As san\u00e7\u00f5es n\u00e3o s\u00e3o contra o Brasil. S\u00e3o contra Alexandre de Moraes. O nosso pa\u00eds est\u00e1 sofrendo uma retalia\u00e7\u00e3o, primeiro, por causa de Alexandre de Moraes. E segundo lugar: Lula, que se aliou com na\u00e7\u00f5es contra o mundo ocidental. Ir\u00e3, R\u00fassia e China. Eu j\u00e1 falei com um dos ministros mais importantes do STF. N\u00e3o vou dar o nome porque tanto ele quanto eu combinamos sigilo.<\/p>\n\n\n\n<p>Eu disse a ele: &#8216;Ministro, vamos arrumar um caminho de paz. Isso n\u00e3o vai dar certo e n\u00e3o vai ser bom para o Brasil&#8217;. Que brasileiro quer san\u00e7\u00f5es sobre o seu pa\u00eds? Isso \u00e9 um joguinho dos esquerdopatas que n\u00e3o t\u00eam como se defender e querem jogar a bomba da incompet\u00eancia deles para os outros?<\/p>\n\n\n\n<p><strong>BBC News Brasil &#8211;<\/strong>&nbsp;<strong>Mas esse argumento n\u00e3o pode ser usado para direita \u00e0 medida em que voc\u00eas n\u00e3o conseguem obter a anistia no Congresso e est\u00e3o recorrendo a um ente estrangeiro para pressionar as autoridades do Brasil?<\/strong><\/p>\n\n\n\n<p><strong>Malafaia &#8211;<\/strong>&nbsp;Dilma foi na Uni\u00e3o Europeia e na ONU pedir san\u00e7\u00f5es contra o Brasil e voc\u00eas n\u00e3o falaram nada.<\/p>\n\n\n\n<p><em>[Nota da reda\u00e7\u00e3o: em abril de 2018, a ex-presidente Dilma Rousseff realizou uma viagem \u00e0 Europa e aos Estados Unidos e proferiu palestras criticando a pris\u00e3o do presidente Luiz In\u00e1cio Lula da Silva. As reportagens dispon\u00edveis sobre o epis\u00f3dio produzidas na \u00e9poca citam que a ex-presidente pediu &#8220;solidariedade&#8221; a Lula. N\u00e3o h\u00e1 men\u00e7\u00f5es, nestas reportagens, sobre pedidos de san\u00e7\u00f5es contra o Brasil]<\/em><\/p>\n\n\n\n<p><strong>BBC News Brasil &#8211;<\/strong>&nbsp;<strong>Mas isso estava errado l\u00e1 e \u00e9 certo agora?<\/strong><\/p>\n\n\n\n<p><strong>Malafaia &#8211;<\/strong>&nbsp;Eu n\u00e3o estou dizendo que estava errado&#8230;<\/p>\n\n\n\n<p><strong>BBC News Brasil \u2013<\/strong>&nbsp;<strong>Est\u00e1 errado agora?<\/strong><\/p>\n\n\n\n<p><strong>Malafaia \u2013<\/strong>&nbsp;Errado o qu\u00ea?<\/p>\n\n\n\n<p><strong>BBC News Brasil \u2013<\/strong>&nbsp;<strong>Pedir san\u00e7\u00f5es ao Brasil&#8230;<\/strong><\/p>\n\n\n\n<p><strong>Malafaia &#8211;<\/strong>&nbsp;Voc\u00ea n\u00e3o tem para onde recorrer. \u00c9 direito e est\u00e1 na Carta Constitucional. Voc\u00ea pode recorrer a inst\u00e2ncias internacionais. Como a OEA (Organiza\u00e7\u00e3o dos Estados Americanos). Como o PT fez quando Lula foi preso. \u00c9 um direito recorrer quando voc\u00ea n\u00e3o tem mais inst\u00e2ncias. O STF \u00e9 a \u00faltima inst\u00e2ncia. Vai recorrer a quem? A maioria dos deputados em voto aprovaram a discuss\u00e3o do projeto da anistia. Hugo Motta, que tem rabo preso no STF, sentou em cima. Que pa\u00eds \u00e9 esse? Voc\u00ea vai recorrer a quem? Ent\u00e3o esse \u00e9 um direito como o PT fez. \u00c9 um direito recorrer a inst\u00e2ncias internacionais.<\/p>\n\n\n\n<p><strong>BBC News Brasil \u2013<\/strong>&nbsp;<strong>Neste momento, j\u00e1 \u00e9 poss\u00edvel perceber os efeitos do tarifa\u00e7o na economia brasileira. Uma s\u00e9rie de exporta\u00e7\u00f5es deixaram de ser feitas. H\u00e1 empresas entrando em f\u00e9rias coletivas e h\u00e1 risco de desemprego. O senhor ainda \u00e9 favor\u00e1vel ao tarifa\u00e7o?<\/strong><\/p>\n\n\n\n<p><strong>Malafaia &#8211;<\/strong>&nbsp;Eu n\u00e3o sou a favor de tarifa\u00e7o. Me diz em que v\u00eddeo eu sou a favor de tarifa\u00e7o. Pelo contr\u00e1rio. Eu dou alertas. Eu n\u00e3o sou a favor de tarifa\u00e7o contra a minha na\u00e7\u00e3o. Eu estou fazendo uma an\u00e1lise do porqu\u00ea do tarifa\u00e7o, o que \u00e9 muito diferente. Essa vergonha que n\u00f3s estamos assistindo e pra mim n\u00e3o \u00e9 sobre o Brasil, \u00e9 sobre Alexandre de Moraes. \u00c9 ele que tem que ser sancionado. N\u00e3o estou falando aqui de quest\u00f5es de tarifas sobre o Brasil. Eu sou contra meu pa\u00eds? Onde \u00e9 que eu falo isso?<\/p>\n\n\n\n<p><strong>BBC News Brasil \u2013<\/strong>&nbsp;<strong>Em um dos \u00e1udios divulgados o senhor aparece dando risadas e dizendo: &#8220;V\u00e3o ter que sentar no colinho para negociar&#8221;&#8230;<\/strong><\/p>\n\n\n\n<p><strong>Malafaia \u2013<\/strong>&nbsp;Qual o problema?<\/p>\n\n\n\n<p><strong>BBC News Brasil \u2013<\/strong>&nbsp;<strong>Neste \u00e1udio, o senhor estava comemorando o tarifa\u00e7o?<\/strong><\/p>\n\n\n\n<p><strong>Malafaia &#8211;<\/strong>&nbsp;N\u00e3o estava comemorando o tarifa\u00e7o. Eu estava comemorando a a\u00e7\u00e3o contr\u00e1ria a Alexandre de Moraes.<\/p>\n\n\n\n<p><strong>BBC News Brasil \u2013<\/strong>&nbsp;<strong>Quando senhor fala que \u00e9 um direito recorrer a um pa\u00eds estrangeiro no caso agora do tarifa\u00e7o, isso n\u00e3o abre um precedente perigoso de interfer\u00eancia de pot\u00eancias estrangeiras aqui no Brasil?<\/strong><\/p>\n\n\n\n<p><strong>Malafaia &#8211;<\/strong>&nbsp;Essa conversa \u00e9 a bravata nacionalista \u00e0 la Venezuela de Lula. Deixa de falar. Voc\u00ea n\u00e3o acha que Lula interferiu no Ir\u00e3 e interfere na quest\u00e3o entre Israel e Palestina? Quer dizer que ele pode chegar l\u00e1, dar pitaco, interferir, n\u00e3o dizer que o Hamas \u00e9 terrorista e meter o pau em Israel. Ele pode apoiar o Ir\u00e3 contra os Estados Unidos e contra Israel e algu\u00e9m n\u00e3o pode opinar contra o Brasil?<\/p>\n\n\n\n<p>Eu n\u00e3o sou a favor de tarifas contra a minha na\u00e7\u00e3o. Agora, isso \u00e9 um direito: recorrer como o PT fez com Lula na gaiola. Eles recorreram \u00e0 Uni\u00e3o Europeia e \u00e0 ONU para pedir san\u00e7\u00f5es contra o Brasil. E eu n\u00e3o estou pedindo san\u00e7\u00f5es contra o Brasil. Agora, eu pe\u00e7o, san\u00e7\u00f5es contra Alexandre de Moraes eu pe\u00e7o. Pela covardia e pela maldade dele.<\/p>\n\n\n\n<p><strong>BBC News Brasil &#8211; Pastor, o senhor, o senhor diz que n\u00e3o comemora, n\u00e3o \u00e9 a favor de tarifas ao Brasil, mas os \u00e1udios que foram divulgados mostram o senhor comemorando a imposi\u00e7\u00e3o dessas tarifas&#8230;<\/strong><\/p>\n\n\n\n<p><strong>Malafaia \u2013<\/strong>&nbsp;Voc\u00ea n\u00e3o pode falar por mim. A comemora\u00e7\u00e3o \u00e9 porque pegou o Alexandre Moraes. Essa foi a comemora\u00e7\u00e3o. &#8216;V\u00e3o ter que sentar no colinho pra negociar. Agora vai mudar porque s\u00e3o os senhores absolutos&#8217;. Eu n\u00e3o tenho nenhuma narrativa de prazer de san\u00e7\u00f5es contra meu pa\u00eds. Vai ver os v\u00eddeos e diz se eu sou a favor disso.<\/p>\n\n\n\n<p><strong>BBC News Brasil \u2013<\/strong>&nbsp;<strong>O senhor fala sobre bravata nacionalista de interfer\u00eancia e justifica o fato de isso ter acontecido a partir de uma suposta a\u00e7\u00e3o do presidente Lula. Se amanh\u00e3, a China decidisse interferir em algum processo judicial no Brasil, o senhor acharia leg\u00edtimo isso?<\/strong><\/p>\n\n\n\n<p><strong>Malafaia \u2013<\/strong>&nbsp;Qual interfer\u00eancia em processo judicial? O que o americano est\u00e1 fazendo \u00e9 diferente. O Alexandre de Moraes interfere nas plataformas americanas e emite ordens ilegais de censura a plataformas americanas. O que o americano est\u00e1 fazendo \u00e9 a san\u00e7\u00e3o l\u00e1. Qual a interfer\u00eancia aqui? A\u00ed voc\u00ea quer comparar com a China? T\u00e1 de brincadeira, amigo?<\/p>\n\n\n\n<p><strong>BBC News Brasil \u2013<\/strong>&nbsp;<strong>Eu estou falando do tarifa\u00e7o. Na carta (de Trump) est\u00e1 escrito que o tarifa\u00e7o se d\u00e1 pelo processo judicial ao qual o ex-presidente Bolsonaro est\u00e1 sendo submetido.<\/strong><\/p>\n\n\n\n<p><strong>Malafaia &#8211;<\/strong>&nbsp;A quest\u00e3o com o Brasil \u00e9 mais de direitos humanos e liberdade do que economia.<\/p>\n\n\n\n<p><strong>BBC News Brasil &#8211;<\/strong>&nbsp;<strong>Como \u00e9 que isso responde a cr\u00edtica de quem diz que isso \u00e9 uma chantagem?<\/strong><\/p>\n\n\n\n<p><strong>Malafaia &#8211;<\/strong>&nbsp;Cada um que tem opini\u00e3o pensa como quer. Isso n\u00e3o \u00e9 uma chantagem, isso \u00e9 posicionamento. Voc\u00eas t\u00eam que entender uma coisa: a Europa e os Estados Unidos. Repito tudo o que tiver em rela\u00e7\u00e3o a direitos humanos e liberdade dos povos. Eles est\u00e3o juntos. S\u00e3o na\u00e7\u00f5es tremendamente democr\u00e1ticas.<\/p>\n\n\n\n<p><strong>BBC News Brasil &#8211;<\/strong>&nbsp;<strong>Um dos \u00e1udios que viralizou \u00e9 um em que o senhor chama o deputado federal Eduardo Bolsonaro de &#8220;babaca&#8221;. Essa ainda \u00e9 a sua opini\u00e3o sobre ele?<\/strong><\/p>\n\n\n\n<p><strong>Malafaia &#8211;<\/strong>&nbsp;\u00c9 que voc\u00ea s\u00f3 pegou um \u00e1udio. Eu sou t\u00e3o franco que eu falei pra Bolsonaro: &#8216;Bolsonaro filho \u00e9 um babaca. Est\u00e1 falando bobagem. Manda ele calar a boca porque ele est\u00e1 falando besteira&#8217;.<\/p>\n\n\n\n<p>Agora tem outro \u00e1udio em que eu digo: &#8216;Bolsonaro n\u00e3o arrebenta teu filho n\u00e3o, porque esse garoto t\u00e1 l\u00e1 pagando um pre\u00e7o at\u00e9 por tua causa&#8217;.<\/p>\n\n\n\n<p>Eu sou muito franco, amigo, eu n\u00e3o tenho medo de nada. Eu falo mesmo. Eu n\u00e3o sou bolsominion. Eu sou aliado, mas n\u00e3o alienado. Eu tenho voo pr\u00f3prio, eu tenho opini\u00e3o pr\u00f3pria. Eu n\u00e3o sou pol\u00edtico. Eu n\u00e3o sou candidato a nada. Eu sou um religioso cidad\u00e3o que tem o direito \u00e0 opini\u00e3o e que exer\u00e7o uma pequenina influ\u00eancia. \u00c9 isso que eu sou.<\/p>\n\n\n\n<figure class=\"wp-block-image\"><img decoding=\"async\" src=\"https:\/\/ichef.bbci.co.uk\/ace\/ws\/640\/cpsprodpb\/9b09\/live\/9250a720-7fb6-11f0-ab3e-bd52082cd0ae.jpg.webp\" alt=\"Malafaia gesticulando na entrevista com a BBC\"\/><figcaption class=\"wp-element-caption\">Legenda da foto,&#8217;Qual v\u00ednculo pol\u00edtico eu tenho para influenciar alguma coisa internacionalmente?&#8217;, indaga Malafaia<\/figcaption><\/figure>\n\n\n\n<p><strong>BBC News Brasil &#8211;<\/strong>&nbsp;<strong>Se o presidente Bolsonaro n\u00e3o puder ser candidato em 2026, o senhor vai dar apoio a Tarc\u00edsio de Freitas?<\/strong><\/p>\n\n\n\n<p><strong>Malafaia \u2013<\/strong>&nbsp;Eu n\u00e3o gosto de falar daquilo que ainda n\u00e3o aconteceu. A pol\u00edtica \u00e9 din\u00e2mica, o mundo d\u00e1 voltas. Com Lula preso, um dia antes do \u00faltimo prazo para indicar candidaturas \u00e9 que Lula liberou Haddad [Fernando Haddad, que concorreu na elei\u00e7\u00e3o de 2018]. Por que eu vou conjecturar sobre quem vai ou n\u00e3o vai suceder a Bolsonaro? Eu n\u00e3o conjecturo sobre isso agora.<\/p>\n\n\n\n<p><strong>BBC News Brasil \u2013<\/strong>&nbsp;<strong>Mas o senhor confia nele?<\/strong><\/p>\n\n\n\n<p><strong>Malafaia &#8211;<\/strong>&nbsp;Eu n\u00e3o vou responder sobre isso. Eu j\u00e1 disse num v\u00eddeo meu dando uma pancada em Tarc\u00edsio e no Caiado [Ronaldo Caiado, governador de Goi\u00e1s] e tamb\u00e9m no Ratinho [Ratinho J\u00fanior, governador do Paran\u00e1]. Eu perguntei: &#8216;Voc\u00eas v\u00e3o ficar sem apontar os erros do Supremo?&#8217; Eu j\u00e1 fiz cr\u00edticas a Tarc\u00edsio. Eu n\u00e3o vou dizer quem vou apoiar ou deixar de apoiar, porque ainda tem muita \u00e1gua para rolar.<\/p>\n\n\n\n<p><strong>BBC News Brasil &#8211;<\/strong>&nbsp;<strong>Mas, independente do apoio, o senhor confia no Tarc\u00edsio?<\/strong><\/p>\n\n\n\n<p><strong>Malafaia &#8211;<\/strong>&nbsp;N\u00e3o vou responder a essa quest\u00e3o porque n\u00e3o est\u00e1 na hora. Na hora certa, eu respondo que eu n\u00e3o fujo. Eu quero aguardar pra ver onde \u00e9 que vai. Voc\u00ea s\u00f3 pode dizer que confiou no homem \u00e0 medida em que as coisas v\u00e3o acontecendo.<\/p>\n\n\n\n<p><strong>BBC News Brasil &#8211;<\/strong>&nbsp;<strong>Mas at\u00e9 este momento, ele n\u00e3o deu demonstra\u00e7\u00f5es de que \u00e9 confi\u00e1vel ou n\u00e3o?<\/strong><\/p>\n\n\n\n<p><strong>Malafaia &#8211;<\/strong>&nbsp;Eu n\u00e3o vou dizer isso para voc\u00ea. Eu s\u00f3 vou dizer que eu o critiquei pela omiss\u00e3o. Vai chegar a hora de eu dizer se \u00e9 confi\u00e1vel ou n\u00e3o. Vamos deixar o tempo dos fatos para mostrar.<\/p>\n\n\n\n<p><strong>BBC News Brasil \u2013<\/strong>&nbsp;<strong>Na sua avalia\u00e7\u00e3o, Tarc\u00edsio de Freitas est\u00e1 sendo omisso na defesa do ex-presidente Bolsonaro?<\/strong><\/p>\n\n\n\n<p><strong>Malafaia \u2013<\/strong>&nbsp;Se agora voc\u00ea est\u00e1 tocando neste assunto, eu vou responder. Est\u00e1. Porque em todas as manifesta\u00e7\u00f5es em que ele participou (ele fica dizendo): &#8216;Volta Bolsonaro. Bolsonaro foi o maior presidente&#8217;. Mas eu nunca vi o Tarc\u00edsio fazer uma cr\u00edtica a Alexandre de Moraes e nem ao Supremo Tribunal Federal. Dizer &#8220;volta Bolsonaro&#8221; e que ele \u00e9 o maior presidente do Brasil, para ganhar o Bolsonaro?<\/p>\n\n\n\n<p>Eu fiz cr\u00edticas baseadas nisso. Para mim, esse \u00e9 o erro dele. Mas vamos ver. Vamos olhar para a frente, porque a grandeza do ser humano n\u00e3o s\u00e3o seus acertos. \u00c9 reconhecer seus erros e corrigir suas rotas. Eu aprendi isso com meu sogro. N\u00e3o vou aqui queimar e arrebentar o Tarc\u00edsio e dizer que ele n\u00e3o vale mais nada. Por enquanto, tem me decepcionado. Mas vamos ver a hist\u00f3ria para ver at\u00e9 onde isso vai.<\/p>\n","protected":false},"excerpt":{"rendered":"<p>&#8216;Tarc\u00edsio quer ganhar bolsonarismo, mas \u00e9 omisso com Bolsonaro&#8217;, diz Malafaia Article Information A \u00faltima semana do pastor Silas Malafaia foi uma das mais movimentadas de sua vida at\u00e9 mesmo<\/p>\n","protected":false},"author":1,"featured_media":9511,"comment_status":"closed","ping_status":"closed","sticky":false,"template":"","format":"standard","meta":[],"categories":[1],"tags":[],"_links":{"self":[{"href":"https:\/\/7ports.com.br\/index.php?rest_route=\/wp\/v2\/posts\/9507"}],"collection":[{"href":"https:\/\/7ports.com.br\/index.php?rest_route=\/wp\/v2\/posts"}],"about":[{"href":"https:\/\/7ports.com.br\/index.php?rest_route=\/wp\/v2\/types\/post"}],"author":[{"embeddable":true,"href":"https:\/\/7ports.com.br\/index.php?rest_route=\/wp\/v2\/users\/1"}],"replies":[{"embeddable":true,"href":"https:\/\/7ports.com.br\/index.php?rest_route=%2Fwp%2Fv2%2Fcomments&post=9507"}],"version-history":[{"count":2,"href":"https:\/\/7ports.com.br\/index.php?rest_route=\/wp\/v2\/posts\/9507\/revisions"}],"predecessor-version":[{"id":9510,"href":"https:\/\/7ports.com.br\/index.php?rest_route=\/wp\/v2\/posts\/9507\/revisions\/9510"}],"wp:featuredmedia":[{"embeddable":true,"href":"https:\/\/7ports.com.br\/index.php?rest_route=\/wp\/v2\/media\/9511"}],"wp:attachment":[{"href":"https:\/\/7ports.com.br\/index.php?rest_route=%2Fwp%2Fv2%2Fmedia&parent=9507"}],"wp:term":[{"taxonomy":"category","embeddable":true,"href":"https:\/\/7ports.com.br\/index.php?rest_route=%2Fwp%2Fv2%2Fcategories&post=9507"},{"taxonomy":"post_tag","embeddable":true,"href":"https:\/\/7ports.com.br\/index.php?rest_route=%2Fwp%2Fv2%2Ftags&post=9507"}],"curies":[{"name":"wp","href":"https:\/\/api.w.org\/{rel}","templated":true}]}}