
{"id":9518,"date":"2025-08-24T16:25:41","date_gmt":"2025-08-24T19:25:41","guid":{"rendered":"https:\/\/7ports.com.br\/?p=9518"},"modified":"2025-08-24T16:40:56","modified_gmt":"2025-08-24T19:40:56","slug":"projetista-do-gp-vai-projetar-autodromo-de-guaratiba-rj","status":"publish","type":"post","link":"https:\/\/7ports.com.br\/?p=9518","title":{"rendered":"Projetista do GP vai projetar Aut\u00f3dromo de Guaratiba, RJ"},"content":{"rendered":"\n<h2 class=\"wp-block-heading\">Projeto foi apresentado a autoridades do Rio de Janeiro e prev\u00ea melhorias na regi\u00e3o. Objetivo \u00e9 que pista tenha quatro grandes retas<\/h2>\n\n\n\n<p>Por Reda\u00e7\u00e3o do ge&nbsp;\u2014 Rio de Janeiro<\/p>\n\n\n\n<p>19\/08\/2025 20h02&nbsp;&nbsp;Atualizado&nbsp;h\u00e1 4 dias<\/p>\n\n\n\n<hr class=\"wp-block-separator has-alpha-channel-opacity\"\/>\n\n\n\n<p>O tra\u00e7ado do Aut\u00f3dromo de Guaratiba pode estar pr\u00f3ximo de ser definido. Nesta ter\u00e7a-feira, representantes da empresa Rock World apresentaram o projeto da pista ao prefeito Eduardo Paes, ao vice-prefeito Eduardo Cavaliere, ao secret\u00e1rio municipal de Esportes, Guilherme Schleder, e ao presidente da C\u00e2mara do Rio, Carlo Caiado.<\/p>\n\n\n\n<figure class=\"wp-block-image\"><img decoding=\"async\" src=\"https:\/\/s2-ge.glbimg.com\/8AJIHaPIM-yih0EAK8AxuGHdRJE=\/208x58:1053x695\/984x0\/smart\/filters:strip_icc()\/i.s3.glbimg.com\/v1\/AUTH_bc8228b6673f488aa253bbcb03c80ec5\/internal_photos\/bs\/2024\/F\/8\/R3L6ASTNqO7xNCoOainQ\/whatsapp-image-2024-05-29-at-12.41.01.jpeg\" alt=\"Terreno que pode receber Aut\u00f3dromo em Guaratiba, Zona Oeste do Rio de Janeiro \u2014 Foto: Reprodu\u00e7\u00e3o\/C\u00e2mara do Rio de Janeiro\"\/><\/figure>\n\n\n\n<p>Terreno que pode receber Aut\u00f3dromo em Guaratiba, Zona Oeste do Rio de Janeiro \u2014 Foto: Reprodu\u00e7\u00e3o\/C\u00e2mara do Rio de Janeiro<\/p>\n\n\n\n<p>O projeto apresentado \u00e9 assinado pelo escrit\u00f3rio de arquitetura Populous e de autoria do mesmo projetista do tra\u00e7ado do Aut\u00f3dromo Internacional de Miami, que possui tr\u00eas grandes retas, permitindo aos pilotos alcan\u00e7a uma velocidade de at\u00e9 320 km\/h. O objetivo \u00e9 que o novo aut\u00f3dromo de Guaratiba tenha quatro grandes retas.<\/p>\n\n\n\n<p>O aut\u00f3dromo ser\u00e1 constru\u00eddo um estilo parque, com capacidade para at\u00e9 150 mil pessoas e estrutura para receber provas de F\u00f3rmula 1, Indy, F\u00f3rmula E e outras categorias internacionais. A obra ser\u00e1 viabilizada com recursos da iniciativa privada. Para Carlo Caiado, a constru\u00e7\u00e3o de um aut\u00f3dromo nos moldes apresentados beneficia n\u00e3o s\u00f3 os f\u00e3s de automobilismo, mas a cidade do Rio como um todo.<\/p>\n\n\n\n<p>&#8211; O Aut\u00f3dromo de Guaratiba ser\u00e1 um equipamento esportivo de padr\u00e3o internacional e vai gerar benef\u00edcios concretos para a economia da cidade. As emendas inclu\u00eddas pelos vereadores garantem ainda a destina\u00e7\u00e3o de dois lotes para a constru\u00e7\u00e3o de uma escola e de um espa\u00e7o p\u00fablico de esporte e lazer. Tamb\u00e9m est\u00e1 prevista a destina\u00e7\u00e3o de recursos para um Fundo de Mobilidade, o que vai assegurar melhorias no tr\u00e2nsito dos bairros receptores do potencial construtivo &#8211; destacou Caiado.<\/p>\n\n\n\n<figure class=\"wp-block-image\"><img decoding=\"async\" src=\"https:\/\/s2-ge.glbimg.com\/b6Si-v9rme7FEbJX0RHHrw5unAc=\/0x0:1200x800\/984x0\/smart\/filters:strip_icc()\/i.s3.glbimg.com\/v1\/AUTH_bc8228b6673f488aa253bbcb03c80ec5\/internal_photos\/bs\/2022\/D\/h\/9eXBfoSMqb8ujpMQ1Ssg\/miami-circuit-1.jpg\" alt=\"Tra\u00e7ado oficial do GP de Miami da F1 2022 \u2014 Foto: F1\"\/><\/figure>\n\n\n\n<p>Tra\u00e7ado oficial do GP de Miami da F1 2022 \u2014 Foto: F1<\/p>\n\n\n\n<p>O prazo estimado para a conclus\u00e3o das obras \u00e9 de dois anos e meio. Al\u00e9m de ter a possibilidade de trazer algumas provas internacionais, como a F\u00f3rmula 1, para o Rio de Janeiro, o projeto tamb\u00e9m prev\u00ea recupera\u00e7\u00e3o ambiental, com replantio de esp\u00e9cies nativas, preserva\u00e7\u00e3o de um manguezal de 43 mil m\u00b2 e ado\u00e7\u00e3o de infraestrutura sustent\u00e1vel, incluindo energia solar e ilumina\u00e7\u00e3o em LED.<\/p>\n","protected":false},"excerpt":{"rendered":"<p>Projeto foi apresentado a autoridades do Rio de Janeiro e prev\u00ea melhorias na regi\u00e3o. Objetivo \u00e9 que pista tenha quatro grandes retas Por Reda\u00e7\u00e3o do ge&nbsp;\u2014 Rio de Janeiro 19\/08\/2025<\/p>\n","protected":false},"author":1,"featured_media":9520,"comment_status":"closed","ping_status":"closed","sticky":false,"template":"","format":"standard","meta":[],"categories":[1],"tags":[],"_links":{"self":[{"href":"https:\/\/7ports.com.br\/index.php?rest_route=\/wp\/v2\/posts\/9518"}],"collection":[{"href":"https:\/\/7ports.com.br\/index.php?rest_route=\/wp\/v2\/posts"}],"about":[{"href":"https:\/\/7ports.com.br\/index.php?rest_route=\/wp\/v2\/types\/post"}],"author":[{"embeddable":true,"href":"https:\/\/7ports.com.br\/index.php?rest_route=\/wp\/v2\/users\/1"}],"replies":[{"embeddable":true,"href":"https:\/\/7ports.com.br\/index.php?rest_route=%2Fwp%2Fv2%2Fcomments&post=9518"}],"version-history":[{"count":1,"href":"https:\/\/7ports.com.br\/index.php?rest_route=\/wp\/v2\/posts\/9518\/revisions"}],"predecessor-version":[{"id":9519,"href":"https:\/\/7ports.com.br\/index.php?rest_route=\/wp\/v2\/posts\/9518\/revisions\/9519"}],"wp:featuredmedia":[{"embeddable":true,"href":"https:\/\/7ports.com.br\/index.php?rest_route=\/wp\/v2\/media\/9520"}],"wp:attachment":[{"href":"https:\/\/7ports.com.br\/index.php?rest_route=%2Fwp%2Fv2%2Fmedia&parent=9518"}],"wp:term":[{"taxonomy":"category","embeddable":true,"href":"https:\/\/7ports.com.br\/index.php?rest_route=%2Fwp%2Fv2%2Fcategories&post=9518"},{"taxonomy":"post_tag","embeddable":true,"href":"https:\/\/7ports.com.br\/index.php?rest_route=%2Fwp%2Fv2%2Ftags&post=9518"}],"curies":[{"name":"wp","href":"https:\/\/api.w.org\/{rel}","templated":true}]}}