
{"id":9522,"date":"2025-08-24T16:49:04","date_gmt":"2025-08-24T19:49:04","guid":{"rendered":"https:\/\/7ports.com.br\/?p=9522"},"modified":"2025-08-24T16:51:12","modified_gmt":"2025-08-24T19:51:12","slug":"adolescentes-nao-sabem-como-e-viver-com-privacidade","status":"publish","type":"post","link":"https:\/\/7ports.com.br\/?p=9522","title":{"rendered":"Adolescentes n\u00e3o sabem como \u00e9 viver com privacidade."},"content":{"rendered":"\n<figure class=\"wp-block-image\"><img decoding=\"async\" src=\"https:\/\/ichef.bbci.co.uk\/ace\/ws\/640\/cpsprodpb\/c9a6\/live\/0d7ec000-7768-11f0-a20f-3b86f375586a.jpg.webp\" alt=\"Carissa V\u00e9liz\"\/><figcaption class=\"wp-element-caption\">Legenda da foto,Carissa V\u00e9liz \u00e9 professora do Instituto de \u00c9tica em Intelig\u00eancia Artificial da Faculdade de Filosofia da Universidade de Oxford<\/figcaption><\/figure>\n\n\n\n<p><strong>Article Information<\/strong><\/p>\n\n\n\n<ul>\n<li>Author,<strong>Elena Sanz e Carissa V\u00e9liz<\/strong><\/li>\n\n\n\n<li>Role,<strong>The Conversation*<\/strong><\/li>\n<\/ul>\n\n\n\n<p>Carissa V\u00e9liz afirma que aprende bastante nas conversas com seus alunos da Universidade de Oxford, no&nbsp;<a href=\"https:\/\/www.bbc.com\/portuguese\/topics\/cxnyknxvp53t\">Reino Unido<\/a>, com quem discute o valor do anal\u00f3gico, das rela\u00e7\u00f5es pessoais, do que faz uma vida ser boa&#8230;<\/p>\n\n\n\n<p>Ela \u00e9 professora do Instituto de \u00c9tica em&nbsp;<a href=\"https:\/\/www.bbc.com\/portuguese\/topics\/c6vzyv5dd9nt\">Intelig\u00eancia Artificial<\/a>&nbsp;da Faculdade de Filosofia da institui\u00e7\u00e3o de ensino \u2014 e est\u00e1 convencida de que s\u00f3 protegendo a privacidade podemos manter a&nbsp;<a href=\"https:\/\/www.bbc.com\/portuguese\/internacional-58419922\">democracia<\/a>&nbsp;a salvo.<\/p>\n\n\n\n<p>A especialista teme que muitos&nbsp;<a href=\"https:\/\/www.bbc.com\/portuguese\/topics\/c7zp5z8xr9zt\">jovens<\/a>, acostumados a crescer sem ela, n\u00e3o percebam as implica\u00e7\u00f5es que sua aus\u00eancia pode ter para o seu futuro.<\/p>\n\n\n\n<p>A seguir, est\u00e1 a entrevista que Carissa V\u00e9liz concedeu \u00e0 jornalista Elena Sanz, diretora do site The Conversation na Espanha.<\/p>\n\n\n\n<p><a href=\"https:\/\/www.bbc.com\/usingthebbc\/cookies\/\">Advertisement<\/a><\/p>\n\n\n\n<p><strong>Elena Sanz &#8211;<\/strong>&nbsp;<strong>Em alguma ocasi\u00e3o, voc\u00ea comentou que a privacidade \u00e9 um instinto animal que compartilhamos com todas as esp\u00e9cies e, no entanto, ultimamente vivemos como se pud\u00e9ssemos prescindir dela. As gera\u00e7\u00f5es mais jovens est\u00e3o cientes da sua import\u00e2ncia?<\/strong><\/p>\n\n\n\n<p><a href=\"https:\/\/www.bbc.com\/portuguese\/articles\/cgjyzl4l8ngo#end-of-recommendations\">Pule Mais lidas e continue lendo<\/a><\/p>\n\n\n\n<p><strong>Mais lidas<\/strong><\/p>\n\n\n\n<ul>\n<li><img decoding=\"async\" src=\"https:\/\/ichef.bbci.co.uk\/ace\/ws\/660\/cpsprodpb\/302c\/live\/4a544100-79e6-11f0-ab39-5f560085c471.jpg.webp\" srcset=\"https:\/\/ichef.bbci.co.uk\/ace\/ws\/70\/cpsprodpb\/302c\/live\/4a544100-79e6-11f0-ab39-5f560085c471.jpg.webp 70w, https:\/\/ichef.bbci.co.uk\/ace\/ws\/95\/cpsprodpb\/302c\/live\/4a544100-79e6-11f0-ab39-5f560085c471.jpg.webp 95w, https:\/\/ichef.bbci.co.uk\/ace\/ws\/144\/cpsprodpb\/302c\/live\/4a544100-79e6-11f0-ab39-5f560085c471.jpg.webp 144w, https:\/\/ichef.bbci.co.uk\/ace\/ws\/183\/cpsprodpb\/302c\/live\/4a544100-79e6-11f0-ab39-5f560085c471.jpg.webp 183w, https:\/\/ichef.bbci.co.uk\/ace\/ws\/240\/cpsprodpb\/302c\/live\/4a544100-79e6-11f0-ab39-5f560085c471.jpg.webp 240w, https:\/\/ichef.bbci.co.uk\/ace\/ws\/320\/cpsprodpb\/302c\/live\/4a544100-79e6-11f0-ab39-5f560085c471.jpg.webp 320w, https:\/\/ichef.bbci.co.uk\/ace\/ws\/660\/cpsprodpb\/302c\/live\/4a544100-79e6-11f0-ab39-5f560085c471.jpg.webp 660w\" alt=\"Homem usando uma camisa azul, de costas, olhando para o mar \"><a href=\"https:\/\/www.bbc.com\/portuguese\/articles\/ce87274n223o\">&#8216;S\u00f3 queremos voltar para casa&#8217;: os marinheiros que s\u00e3o abandonados em navios<\/a><\/li>\n\n\n\n<li><img decoding=\"async\" src=\"https:\/\/ichef.bbci.co.uk\/ace\/ws\/660\/cpsprodpb\/661b\/live\/6ed2a4a0-748b-11f0-bc88-1f933688d83a.jpg.webp\" srcset=\"https:\/\/ichef.bbci.co.uk\/ace\/ws\/70\/cpsprodpb\/661b\/live\/6ed2a4a0-748b-11f0-bc88-1f933688d83a.jpg.webp 70w, https:\/\/ichef.bbci.co.uk\/ace\/ws\/95\/cpsprodpb\/661b\/live\/6ed2a4a0-748b-11f0-bc88-1f933688d83a.jpg.webp 95w, https:\/\/ichef.bbci.co.uk\/ace\/ws\/144\/cpsprodpb\/661b\/live\/6ed2a4a0-748b-11f0-bc88-1f933688d83a.jpg.webp 144w, https:\/\/ichef.bbci.co.uk\/ace\/ws\/183\/cpsprodpb\/661b\/live\/6ed2a4a0-748b-11f0-bc88-1f933688d83a.jpg.webp 183w, https:\/\/ichef.bbci.co.uk\/ace\/ws\/240\/cpsprodpb\/661b\/live\/6ed2a4a0-748b-11f0-bc88-1f933688d83a.jpg.webp 240w, https:\/\/ichef.bbci.co.uk\/ace\/ws\/320\/cpsprodpb\/661b\/live\/6ed2a4a0-748b-11f0-bc88-1f933688d83a.jpg.webp 320w, https:\/\/ichef.bbci.co.uk\/ace\/ws\/660\/cpsprodpb\/661b\/live\/6ed2a4a0-748b-11f0-bc88-1f933688d83a.jpg.webp 660w\" alt=\"Foto de pescador segurando um pirarucu. Os pirarucus s\u00e3o nativos da Amaz\u00f4nia e est\u00e3o entre os maiores peixes de \u00e1gua doce do mundo, podendo atingir at\u00e9 3 m de comprimento. \"><a href=\"https:\/\/www.bbc.com\/portuguese\/articles\/cy40vwy4v13o\">Pele de peixe gigante da Amaz\u00f4nia vira bolsa de luxo, mas ganho n\u00e3o chega a pescadores<\/a><\/li>\n\n\n\n<li><img decoding=\"async\" src=\"https:\/\/ichef.bbci.co.uk\/ace\/ws\/660\/cpsprodpb\/7aa2\/live\/485fb0b0-74c7-11f0-8de5-d7af39eb1632.jpg.webp\" srcset=\"https:\/\/ichef.bbci.co.uk\/ace\/ws\/70\/cpsprodpb\/7aa2\/live\/485fb0b0-74c7-11f0-8de5-d7af39eb1632.jpg.webp 70w, https:\/\/ichef.bbci.co.uk\/ace\/ws\/95\/cpsprodpb\/7aa2\/live\/485fb0b0-74c7-11f0-8de5-d7af39eb1632.jpg.webp 95w, https:\/\/ichef.bbci.co.uk\/ace\/ws\/144\/cpsprodpb\/7aa2\/live\/485fb0b0-74c7-11f0-8de5-d7af39eb1632.jpg.webp 144w, https:\/\/ichef.bbci.co.uk\/ace\/ws\/183\/cpsprodpb\/7aa2\/live\/485fb0b0-74c7-11f0-8de5-d7af39eb1632.jpg.webp 183w, https:\/\/ichef.bbci.co.uk\/ace\/ws\/240\/cpsprodpb\/7aa2\/live\/485fb0b0-74c7-11f0-8de5-d7af39eb1632.jpg.webp 240w, https:\/\/ichef.bbci.co.uk\/ace\/ws\/320\/cpsprodpb\/7aa2\/live\/485fb0b0-74c7-11f0-8de5-d7af39eb1632.jpg.webp 320w, https:\/\/ichef.bbci.co.uk\/ace\/ws\/660\/cpsprodpb\/7aa2\/live\/485fb0b0-74c7-11f0-8de5-d7af39eb1632.jpg.webp 660w\" alt=\"Manada de zebus no campo, com \u00e1rvores ao fundo\"><a href=\"https:\/\/www.bbc.com\/portuguese\/articles\/c78zxz84272o\">As &#8216;supervacas&#8217; que fizeram do Brasil o maior exportador de carne do mundo<\/a><\/li>\n\n\n\n<li><img decoding=\"async\" src=\"https:\/\/ichef.bbci.co.uk\/ace\/ws\/660\/cpsprodpb\/0b76\/live\/6d614a20-7898-11f0-b1cd-a9ea7239675a.jpg.webp\" srcset=\"https:\/\/ichef.bbci.co.uk\/ace\/ws\/70\/cpsprodpb\/0b76\/live\/6d614a20-7898-11f0-b1cd-a9ea7239675a.jpg.webp 70w, https:\/\/ichef.bbci.co.uk\/ace\/ws\/95\/cpsprodpb\/0b76\/live\/6d614a20-7898-11f0-b1cd-a9ea7239675a.jpg.webp 95w, https:\/\/ichef.bbci.co.uk\/ace\/ws\/144\/cpsprodpb\/0b76\/live\/6d614a20-7898-11f0-b1cd-a9ea7239675a.jpg.webp 144w, https:\/\/ichef.bbci.co.uk\/ace\/ws\/183\/cpsprodpb\/0b76\/live\/6d614a20-7898-11f0-b1cd-a9ea7239675a.jpg.webp 183w, https:\/\/ichef.bbci.co.uk\/ace\/ws\/240\/cpsprodpb\/0b76\/live\/6d614a20-7898-11f0-b1cd-a9ea7239675a.jpg.webp 240w, https:\/\/ichef.bbci.co.uk\/ace\/ws\/320\/cpsprodpb\/0b76\/live\/6d614a20-7898-11f0-b1cd-a9ea7239675a.jpg.webp 320w, https:\/\/ichef.bbci.co.uk\/ace\/ws\/660\/cpsprodpb\/0b76\/live\/6d614a20-7898-11f0-b1cd-a9ea7239675a.jpg.webp 660w\" alt=\"Ru\u00ednas da Casa de Marfil, localizada na praia da prov\u00edncia de San Crist\u00f3bal\"><a href=\"https:\/\/www.bbc.com\/portuguese\/articles\/cjw6g49x7plo\">As mans\u00f5es luxuosas deixadas por ditador assassinado e &#8216;redescobertas&#8217; d\u00e9cadas depois<\/a><\/li>\n<\/ul>\n\n\n\n<p id=\"end-of-recommendations\">Fim do Mais lidas<\/p>\n\n\n\n<p><strong>Carissa V\u00e9liz<\/strong>&nbsp;&#8211; \u00c9 dif\u00edcil responder, porque &#8220;os jovens&#8221; n\u00e3o s\u00e3o um grupo homog\u00eaneo: h\u00e1 diferen\u00e7as importantes dependendo de onde nascem, onde vivem e at\u00e9 mesmo se s\u00e3o homens ou mulheres.<\/p>\n\n\n\n<p>Ultimamente, fiquei bastante surpresa que meus alunos est\u00e3o mais conscientes da import\u00e2ncia da privacidade e menos viciados em&nbsp;<a href=\"https:\/\/www.bbc.com\/portuguese\/topics\/c404v027pd4t\">tecnologia<\/a>&nbsp;do que muitos adultos. Embora talvez meus alunos n\u00e3o sejam suficientemente representativos da popula\u00e7\u00e3o.<\/p>\n\n\n\n<p>Em geral, me preocupa o fato de que h\u00e1 muitos jovens que n\u00e3o cresceram com privacidade, que nem sequer conseguem imaginar o que \u00e9 viver com privacidade e, acima de tudo, que n\u00e3o percebem as implica\u00e7\u00f5es que sua aus\u00eancia tem para o futuro deles.<\/p>\n\n\n\n<figure class=\"wp-block-image size-full\"><img decoding=\"async\" loading=\"lazy\" width=\"640\" height=\"360\" src=\"https:\/\/7ports.com.br\/wp-content\/uploads\/2025\/08\/image.webp\" alt=\"\" class=\"wp-image-9523\" srcset=\"https:\/\/7ports.com.br\/wp-content\/uploads\/2025\/08\/image.webp 640w, https:\/\/7ports.com.br\/wp-content\/uploads\/2025\/08\/image-300x169.webp 300w\" sizes=\"(max-width: 640px) 100vw, 640px\" \/><figcaption class=\"wp-element-caption\">Legenda da foto,&#8217;Isso j\u00e1 acontece na Inglaterra e nos Estados Unidos, onde a privacidade de quem tenta alugar um apartamento \u00e9 invadida: propriet\u00e1rios contratam empresas de dados para obter informa\u00e7\u00f5es sobre o potencial inquilino&#8217;<\/figcaption><\/figure>\n\n\n\n<p><a href=\"https:\/\/www.bbc.com\/portuguese\/articles\/cgjyzl4l8ngo#end-of-podcasts\">Pule Whatsapp! e continue lendo<\/a><\/p>\n\n\n\n<figure class=\"wp-block-image\"><img decoding=\"async\" src=\"https:\/\/ichef.bbc.co.uk\/images\/ic\/512x512\/p0lq77dv.png.webp\" alt=\"BBC Brasil no WhatsAp\"\/><\/figure>\n\n\n\n<p><strong><a href=\"https:\/\/www.whatsapp.com\/channel\/0029VaVHa4S6rsQrlMVx8c0b\">No WhatsApp<\/a><\/strong><\/p>\n\n\n\n<p>Agora voc\u00ea pode receber as not\u00edcias da BBC News Brasil no seu celular.<\/p>\n\n\n\n<p>Clique para se inscrever<\/p>\n\n\n\n<p id=\"end-of-podcasts\">Fim do Whatsapp!<\/p>\n\n\n\n<p><strong>Sanz &#8211;<\/strong>&nbsp;<strong>A privacidade n\u00e3o \u00e9 apenas uma quest\u00e3o de permitir ou n\u00e3o que nos vejam ou saibam sobre n\u00f3s. Quando empresas e governos t\u00eam acesso a informa\u00e7\u00f5es sobre quem somos, o que fazemos, se temos uma sa\u00fade boa ou ruim, quais s\u00e3o as nossas tend\u00eancias pol\u00edticas ou religiosas ou por quem nos apaixonamos, isso tem implica\u00e7\u00f5es.<\/strong><\/p>\n\n\n\n<p><strong>V\u00e9liz<\/strong>&nbsp;&#8211; \u00c9 verdade. Principalmente porque, quando voc\u00ea sempre viveu em uma democracia, \u00e9 dif\u00edcil imaginar que ela \u00e9 fr\u00e1gil, que \u00e9 vulner\u00e1vel, que pode ter um fim se n\u00e3o cuidarmos dela.<\/p>\n\n\n\n<p>A perda de privacidade pode restringir sua liberdade: a liberdade de poder se dizer o que pensa, a liberdade de se associar com quem voc\u00ea quiser, a liberdade de protestar pacificamente. Quando tudo isso desaparece, a pessoa come\u00e7a a ter medo do que disse ou do que pode dizer, e acaba se autocensurando.<\/p>\n\n\n\n<p>Isso j\u00e1 acontece na Inglaterra e nos Estados Unidos, onde a privacidade de quem tenta alugar um apartamento \u00e9 invadida: propriet\u00e1rios contratam empresas de dados para obter informa\u00e7\u00f5es sobre o potencial inquilino.<\/p>\n\n\n\n<p>E se o rejeitam, se negam o acesso a uma moradia, n\u00e3o precisam justificar o porqu\u00ea, n\u00e3o precisam dar um motivo.<\/p>\n\n\n\n<p><strong>Sanz &#8211;<\/strong>&nbsp;<strong>Assim, s\u00e3o violados v\u00e1rios dos direitos previstos no artigo 12 da Declara\u00e7\u00e3o Universal dos Direitos Humanos, que proclama garantir a prote\u00e7\u00e3o da vida privada, da fam\u00edlia, do domic\u00edlio, da reputa\u00e7\u00e3o&#8230;<\/strong><\/p>\n\n\n\n<p><strong>V\u00e9liz<\/strong>&nbsp;&#8211; Claro. E o mais preocupante \u00e9 que os problemas n\u00e3o surgem no momento em que os dados s\u00e3o coletados, eles costumam aparecer muito mais tarde.<\/p>\n\n\n\n<p>Al\u00e9m disso, mesmo quando surgem, n\u00e3o \u00e9 f\u00e1cil estabelecer uma conex\u00e3o direta entre o momento em que um dado deixa de pertencer a voc\u00ea e o momento em que sofremos discrimina\u00e7\u00e3o ou exclus\u00e3o por causa desse dado perdido.<\/p>\n\n\n\n<p>Os direitos s\u00e3o direitos justamente porque s\u00e3o um bem a ser protegido, imprescind\u00edvel. E, se a&nbsp;<a href=\"https:\/\/www.bbc.com\/portuguese\/topics\/cz74k71p8ynt\">sociedade<\/a>&nbsp;vive com uma perspectiva excessivamente individualista, corremos o risco de perder direitos e liberdades.<\/p>\n\n\n\n<figure class=\"wp-block-image\"><img decoding=\"async\" src=\"https:\/\/ichef.bbci.co.uk\/ace\/ws\/640\/cpsprodpb\/71e1\/live\/004b6600-776c-11f0-a975-cb151ca452f4.jpg.webp\" alt=\"Dois jovens na frente de um laptop\"\/><figcaption class=\"wp-element-caption\">Legenda da foto,&#8217;Um dos problemas da vida digital \u00e9 que ela \u00e9 muito nova. N\u00e3o temos experi\u00eancia suficiente para ter rea\u00e7\u00f5es viscerais de medo ao risco ao qual nos expomos&#8217;<\/figcaption><\/figure>\n\n\n\n<p><strong>Sanz &#8211;<\/strong>&nbsp;<strong>\u00c0s vezes, s\u00e3o os pr\u00f3prios pais que come\u00e7am a compartilhar os dados das crian\u00e7as antes que elas possam decidir, sem perceber que, no futuro, isso pode ter consequ\u00eancias negativas para os filhos.<\/strong><\/p>\n\n\n\n<p><strong>V\u00e9liz<\/strong>&nbsp;&#8211; Sem d\u00favida. E isso me faz pensar que todos n\u00f3s precisamos estar mais bem informados, o que n\u00e3o \u00e9 nada f\u00e1cil, porque muitas empresas e muitos governos n\u00e3o t\u00eam interesse em divulgar como tratam os dados.<\/p>\n\n\n\n<p>Mas n\u00e3o devemos cair no erro de colocar toda a responsabilidade nas costas dos indiv\u00edduos, que j\u00e1 est\u00e3o sobrecarregados com o atual n\u00edvel de burocracia e carga de trabalho, e com a quantidade de demandas que o nosso dia a dia imp\u00f5e.<\/p>\n\n\n\n<p>O ideal seria que pud\u00e9ssemos ter produtos melhores, que todos tivessem acesso a e-mails privados e celulares que respeitassem a privacidade.<\/p>\n\n\n\n<p><strong>Sanz &#8211;<\/strong>&nbsp;<strong>A necessidade de experimentar coisas novas e a atra\u00e7\u00e3o pelo risco s\u00e3o inerentes \u00e0 adolesc\u00eancia. Mas e os riscos digitais? Eles s\u00e3o assumidos com a mesma consci\u00eancia que, por exemplo, saltar de paraquedas?<\/strong><\/p>\n\n\n\n<p><strong>V\u00e9liz<\/strong>&nbsp;&#8211; Sem d\u00favida, n\u00e3o. Um dos problemas da vida digital \u00e9 que ela \u00e9 muito nova. N\u00e3o temos experi\u00eancia suficiente para ter rea\u00e7\u00f5es viscerais de medo ao risco ao qual nos expomos. Em parte pela novidade, em parte porque \u00e9 muito abstrato, e em parte porque foi projetado para ser opaco.<\/p>\n\n\n\n<p>Quando escrevo uma mensagem que parece privada em uma plataforma como o X (antigo Twitter), mas na verdade est\u00e1 vis\u00edvel para todos, h\u00e1 uma incongru\u00eancia entre o que realmente estou fazendo e a sensa\u00e7\u00e3o que eu tenho.<\/p>\n\n\n\n<p>Por outro lado, somos seres biol\u00f3gicos e, se saltarmos de um avi\u00e3o, a sensa\u00e7\u00e3o f\u00edsica de risco \u00e9 muito tang\u00edvel. Mas, se algu\u00e9m te empurra para a&nbsp;<em>dark web<\/em>&nbsp;ou vende seus dados para um<em>&nbsp;data broker&nbsp;<\/em>(corretor de dados) particularmente irrespons\u00e1vel, n\u00e3o h\u00e1 nenhuma sensa\u00e7\u00e3o f\u00edsica que te alerte.<\/p>\n\n\n\n<figure class=\"wp-block-image\"><img decoding=\"async\" src=\"https:\/\/ichef.bbci.co.uk\/ace\/ws\/640\/cpsprodpb\/461d\/live\/5f9c2f90-776c-11f0-8071-1788c7e8ae0e.jpg.webp\" alt=\"M\u00e3os de adolescentes com seus celulares\"\/><figcaption class=\"wp-element-caption\">Legenda da foto,&#8217;Sem ci\u00eancias humanas, sem uma compreens\u00e3o de como governar a tecnologia, podemos acabar pior do que se n\u00e3o desenvolv\u00eassemos essa tecnologia&#8217;<\/figcaption><\/figure>\n\n\n\n<p><strong>Sanz &#8211;<\/strong>&nbsp;<strong>Explicar esses riscos invis\u00edveis aos mais jovens pode ajud\u00e1-los a estabelecer limites?<\/strong><\/p>\n\n\n\n<p><strong>V\u00e9liz<\/strong>&nbsp;&#8211; Acho que sim. Conheci muitos estudantes que evitam compartilhar certas coisas porque se preocupam com o dia de amanh\u00e3, em ter problemas no futuro, quando forem procurar emprego, porque algu\u00e9m viu aquela foto em que eles beberam demais ou leu aquele coment\u00e1rio infeliz.<\/p>\n\n\n\n<p>Eu, acima de tudo, incentivaria os jovens a participar da constru\u00e7\u00e3o do seu pr\u00f3prio mundo. \u00c9 o mundo deles, o mundo em que v\u00e3o viver, e eles t\u00eam o direito de constru\u00ed-lo.<\/p>\n\n\n\n<p>Gostaria de ver jovens que programam, dedicados a criar aplicativos melhores do que os que existem, que n\u00e3o querem trabalhar para o Google \u2014 mas, sim, criar a sua pr\u00f3pria empresa, com uma \u00e9tica diferente e sem vieses racistas ou sexistas.<\/p>\n\n\n\n<p><strong>Sanz &#8211;<\/strong>&nbsp;<strong>Digitalizar implica vigiar?<\/strong><\/p>\n\n\n\n<p><strong>V\u00e9liz<\/strong>&nbsp;&#8211; N\u00e3o necessariamente. Da forma como concebemos o digital, neste momento ambas as coisas est\u00e3o indissociavelmente unidas. Por isso \u00e9 preciso reinventar o digital.<\/p>\n\n\n\n<p><strong>Sanz &#8211;<\/strong>&nbsp;<strong>Como voc\u00ea coloca, o debate n\u00e3o \u00e9 tecnologia &#8220;sim&#8221; ou tecnologia &#8220;n\u00e3o&#8221; \u2014 mas, sim, tecnologia &#8220;como&#8221; e, acima de tudo, com que \u00e9tica.<\/strong><\/p>\n\n\n\n<p><strong>V\u00e9liz<\/strong>&nbsp;&#8211; De fato, a chave \u00e9 quem tem o poder sobre a tecnologia, quem a controla e at\u00e9 que ponto ela nos d\u00e1 autonomia. Um adolescente de 18 anos vive em um mundo em que o Google sempre existiu, mas a verdade \u00e9 que, se analisarmos isso em perspectiva, o Google existe h\u00e1 um microssegundo na hist\u00f3ria da humanidade.<\/p>\n\n\n\n<p>As novas gera\u00e7\u00f5es devem perceber que tudo \u00e9 tempor\u00e1rio, e que t\u00eam a oportunidade de mudar o que n\u00e3o gostam.<\/p>\n\n\n\n<figure class=\"wp-block-image\"><img decoding=\"async\" src=\"https:\/\/ichef.bbci.co.uk\/ace\/ws\/640\/cpsprodpb\/90f9\/live\/9565b790-776c-11f0-a20f-3b86f375586a.jpg.webp\" alt=\"Carissa V\u00e9liz\"\/><figcaption class=\"wp-element-caption\">Legenda da foto,&#8217;Muitas empresas e muitos governos n\u00e3o t\u00eam interesse em divulgar como tratam os dados&#8217;<\/figcaption><\/figure>\n\n\n\n<p><strong>Sanz &#8211;<\/strong>&nbsp;<strong>Muitas redes sociais e aplicativos nos oferecem constantemente conte\u00fados personalizados, e isso nos aprisiona em uma esp\u00e9cie de aqu\u00e1rio, uma bolha onde s\u00f3 s\u00e3o exibidos conte\u00fados que coincidem com nossa maneira de pensar, enquanto o resto da realidade se dilui.<\/strong><\/p>\n\n\n\n<p><strong>Assim, parece mais f\u00e1cil que os discursos de \u00f3dio e a desinforma\u00e7\u00e3o triunfem.<\/strong><\/p>\n\n\n\n<p><strong>V\u00e9liz<\/strong>&nbsp;&#8211; Sim, \u00e9 verdade. Mas a tecnologia n\u00e3o tem necessariamente que nos colocar nesses guetos de informa\u00e7\u00e3o, da\u00ed minha insist\u00eancia em que os pr\u00f3prios jovens inventem algo diferente, algo menos personalizado. Porque tudo o que \u00e9 personalizado nos isola dos outros.<\/p>\n\n\n\n<p>Insisto que estamos em um momento em que \u00e9 necess\u00e1rio nos envolvermos na sociedade que temos, nos tornarmos respons\u00e1veis por ela, mold\u00e1-la, cultiv\u00e1-la, cuidar dela.<\/p>\n\n\n\n<p><strong>Sanz &#8211;<\/strong>&nbsp;<strong>E isso, pelo que entendi, vai al\u00e9m da cria\u00e7\u00e3o de novas tecnologias.<\/strong><\/p>\n\n\n\n<p><strong>V\u00e9liz<\/strong>&nbsp;&#8211; Sim. E, embora possamos cair no erro de pensar que, neste momento, com o auge da intelig\u00eancia artificial, o mais importante para construir o futuro s\u00e3o as ci\u00eancias experimentais, a realidade \u00e9 que este \u00e9 o momento das ci\u00eancias humanas.<\/p>\n\n\n\n<p>Porque sem ci\u00eancias humanas, sem uma compreens\u00e3o de como governar a tecnologia, podemos acabar pior do que se n\u00e3o desenvolv\u00eassemos essa tecnologia.<\/p>\n\n\n\n<p>H\u00e1 pouco tempo, li em um artigo do Financial Times que as empresas reclamam que seus funcion\u00e1rios n\u00e3o s\u00e3o capazes de pensar por si mesmos. E as disciplinas que nos ensinam a pensar s\u00e3o, justamente, as de ci\u00eancias humanas.<\/p>\n\n\n\n<figure class=\"wp-block-image\"><img decoding=\"async\" src=\"https:\/\/ichef.bbci.co.uk\/ace\/ws\/640\/cpsprodpb\/99ec\/live\/24c77f40-776d-11f0-a20f-3b86f375586a.jpg.webp\" alt=\"Tr\u00eas adolescentes conversando ao ar livre\"\/><figcaption class=\"wp-element-caption\">Legenda da foto,&#8217;A vida n\u00e3o \u00e9 digital \u2014 mas, sim, anal\u00f3gica&#8230; A vida \u00e9 a vida das coisas, da cafeteria na esquina, a vida dos seus amigos, das conversas presenciais, da natureza, de sair para correr&#8217;<\/figcaption><\/figure>\n\n\n\n<p><strong>Sanz &#8211;<\/strong>&nbsp;<strong>N\u00e3o sei se voc\u00ea acompanhou o debate que ocorreu recentemente na Espanha, com a \u00faltima reforma da Lei da Educa\u00e7\u00e3o, sobre manter ou n\u00e3o a filosofia como disciplina obrigat\u00f3ria, se ela \u00e9 realmente \u00fatil.<\/strong><\/p>\n\n\n\n<p><strong>V\u00e9liz<\/strong>&nbsp;&#8211; Que possamos sequer insinuar que a filosofia n\u00e3o \u00e9 \u00fatil deixa evidente que estamos lidando com um conceito de utilidade incrivelmente superficial, de curto prazo, centrado apenas em produzir e obter resultados que possamos quantificar, traduzir em n\u00fameros.<\/p>\n\n\n\n<p>Quando a verdade \u00e9 que todos n\u00f3s temos uma ideia bastante intuitiva de que as coisas que mais importam na vida n\u00e3o podem ser medidas.<\/p>\n\n\n\n<p><strong>Sanz &#8211;<\/strong>&nbsp;<strong>Que mensagem voc\u00ea enviaria aos jovens?<\/strong><\/p>\n\n\n\n<p><strong>V\u00e9liz<\/strong>&nbsp;&#8211; Eu enviaria duas.<\/p>\n\n\n\n<p>A primeira \u00e9 que este \u00e9 o momento perfeito para ler. Leia tudo o que puder. Leia hist\u00f3ria, leia filosofia, leia pol\u00edtica, leia antropologia, aprenda com as gera\u00e7\u00f5es passadas, como elas superaram os momentos mais dif\u00edceis de suas vidas.<\/p>\n\n\n\n<p>E leia no papel, porque o ato de ler \u00e9 um ato de desafio a tudo o que est\u00e1 acontecendo. Ou seja: n\u00e3o, n\u00e3o vou ficar no computador, nem nas redes sociais, vou ler os grandes pensadores da hist\u00f3ria.<\/p>\n\n\n\n<p>A segunda: que a vida n\u00e3o \u00e9 digital \u2014 mas, sim, anal\u00f3gica&#8230; A vida \u00e9 a vida das coisas, da cafeteria na esquina, a vida dos seus amigos, das conversas presenciais, da natureza, de sair para correr.<\/p>\n\n\n\n<p>E quanto menos dependermos do digital, mais robusta e satisfat\u00f3ria ser\u00e1 essa vida. O digital \u00e9 um fantasma do anal\u00f3gico, \u00e9 uma segunda op\u00e7\u00e3o, que usamos quando n\u00e3o temos a op\u00e7\u00e3o de fazer algo anal\u00f3gico. Falamos pelo Zoom quando n\u00e3o podemos nos ver pessoalmente.<\/p>\n\n\n\n<p><em>*Elena Sanz \u00e9 diretora do site The Conversation Espanha. Carissa V\u00e9liz \u00e9 professora do Instituto de \u00c9tica em Intelig\u00eancia Artificial da Faculdade de Filosofia da Universidade de Oxford.<\/em><\/p>\n\n\n\n<p><em>Este artigo foi publicado originalmente no site de not\u00edcias acad\u00eamicas&nbsp;<\/em><a href=\"https:\/\/theconversation.com\/\"><em>The Conversation<\/em><\/a><em>&nbsp;e republicado aqui sob uma licen\u00e7a Creative Commons. Leia aqui a&nbsp;<\/em><a href=\"https:\/\/theconversation.com\/carissa-veliz-filosofa-muchos-adolescentes-ni-siquiera-alcanzan-a-imaginar-como-es-vivir-con-privacidad-259932\"><em>vers\u00e3o original&nbsp;<\/em><\/a><em>(em espanhol).<\/em><\/p>\n","protected":false},"excerpt":{"rendered":"<p>Article Information Carissa V\u00e9liz afirma que aprende bastante nas conversas com seus alunos da Universidade de Oxford, no&nbsp;Reino Unido, com quem discute o valor do anal\u00f3gico, das rela\u00e7\u00f5es pessoais, do<\/p>\n","protected":false},"author":1,"featured_media":9523,"comment_status":"closed","ping_status":"closed","sticky":false,"template":"","format":"standard","meta":[],"categories":[1],"tags":[],"_links":{"self":[{"href":"https:\/\/7ports.com.br\/index.php?rest_route=\/wp\/v2\/posts\/9522"}],"collection":[{"href":"https:\/\/7ports.com.br\/index.php?rest_route=\/wp\/v2\/posts"}],"about":[{"href":"https:\/\/7ports.com.br\/index.php?rest_route=\/wp\/v2\/types\/post"}],"author":[{"embeddable":true,"href":"https:\/\/7ports.com.br\/index.php?rest_route=\/wp\/v2\/users\/1"}],"replies":[{"embeddable":true,"href":"https:\/\/7ports.com.br\/index.php?rest_route=%2Fwp%2Fv2%2Fcomments&post=9522"}],"version-history":[{"count":1,"href":"https:\/\/7ports.com.br\/index.php?rest_route=\/wp\/v2\/posts\/9522\/revisions"}],"predecessor-version":[{"id":9524,"href":"https:\/\/7ports.com.br\/index.php?rest_route=\/wp\/v2\/posts\/9522\/revisions\/9524"}],"wp:featuredmedia":[{"embeddable":true,"href":"https:\/\/7ports.com.br\/index.php?rest_route=\/wp\/v2\/media\/9523"}],"wp:attachment":[{"href":"https:\/\/7ports.com.br\/index.php?rest_route=%2Fwp%2Fv2%2Fmedia&parent=9522"}],"wp:term":[{"taxonomy":"category","embeddable":true,"href":"https:\/\/7ports.com.br\/index.php?rest_route=%2Fwp%2Fv2%2Fcategories&post=9522"},{"taxonomy":"post_tag","embeddable":true,"href":"https:\/\/7ports.com.br\/index.php?rest_route=%2Fwp%2Fv2%2Ftags&post=9522"}],"curies":[{"name":"wp","href":"https:\/\/api.w.org\/{rel}","templated":true}]}}