
{"id":9541,"date":"2025-08-25T19:21:26","date_gmt":"2025-08-25T22:21:26","guid":{"rendered":"https:\/\/7ports.com.br\/?p=9541"},"modified":"2025-08-25T19:21:29","modified_gmt":"2025-08-25T22:21:29","slug":"bbc-edson-fachin-novo-presidente-do-stf","status":"publish","type":"post","link":"https:\/\/7ports.com.br\/?p=9541","title":{"rendered":"BBC: Edson Fachin: novo presidente do STF"},"content":{"rendered":"\n<h2 class=\"wp-block-heading\">Qual \u00e9 o perfil do ministro eleito como novo presidente do STF, indicado por Dilma Rousseff<\/h2>\n\n\n\n<figure class=\"wp-block-image\"><img decoding=\"async\" src=\"https:\/\/ichef.bbci.co.uk\/ace\/ws\/640\/cpsprodpb\/5247\/live\/90bea920-78ea-11f0-ad5e-d7ef7e9f4dda.jpg.webp\" alt=\"Edson Fachin\"\/><\/figure>\n\n\n\n<p><strong>Article Information<\/strong><\/p>\n\n\n\n<ul>\n<li>Author, Giulia Granchi<a href=\"https:\/\/www.bbc.com\/portuguese\/topics\/cy0w0jyxnjkt\"><strong>Giulia Granchi<\/strong><\/a><\/li>\n\n\n\n<li>Role,<strong>Da BBC News Brasil em Londres<\/strong><\/li>\n<\/ul>\n\n\n\n<p>O&nbsp;<a href=\"https:\/\/www.bbc.com\/portuguese\/topics\/c7zp5z8dkr7t\">Supremo Tribunal Federal<\/a>&nbsp;(STF) elegeu nesta quarta-feira (13) o ministro Edson Fachin como novo presidente da Corte e do Conselho Nacional de Justi\u00e7a (CNJ) para o bi\u00eanio 2025-2027. Na mesma sess\u00e3o, o colegiado escolheu o ministro&nbsp;<a href=\"https:\/\/www.bbc.com\/portuguese\/topics\/cvjp2jw7y40t\">Alexandre de Moraes<\/a>&nbsp;para ocupar a vice-presid\u00eancia. A posse est\u00e1 marcada para 29 de setembro, \u00e0s 16h.<\/p>\n\n\n\n<p>A vota\u00e7\u00e3o foi simb\u00f3lica, com placar de 10 a 1, j\u00e1 que o pr\u00f3prio candidato n\u00e3o vota em si. A escolha seguiu a tradi\u00e7\u00e3o de eleger o ministro mais antigo que ainda n\u00e3o tenha exercido a presid\u00eancia. O mandato de dois anos ter\u00e1 in\u00edcio no dia seguinte ao fim da gest\u00e3o de&nbsp;<a href=\"https:\/\/www.bbc.com\/portuguese\/topics\/cjgn7g8pzgwt\">Lu\u00eds Roberto Barroso<\/a>, em 28 de setembro.<\/p>\n\n\n\n<p>De acordo com o Regimento Interno do STF, a elei\u00e7\u00e3o ocorre na segunda sess\u00e3o ordin\u00e1ria do m\u00eas anterior ao t\u00e9rmino do mandato vigente. Na abertura da sess\u00e3o, Barroso elogiou o sucessor: &#8220;Considero, pessoalmente e institucionalmente, que \u00e9 uma sorte do pa\u00eds poder, nesta conjuntura, ter uma pessoa com a qualidade moral e intelectual de Vossa Excel\u00eancia conduzindo o Tribunal&#8221;.<\/p>\n\n\n\n<p>Ap\u00f3s o resultado, Fachin agradeceu a confian\u00e7a dos colegas e disse que pretende manter o fortalecimento da colegialidade, do di\u00e1logo e da pluralidade.<\/p>\n\n\n\n<p><a href=\"https:\/\/www.bbc.com\/usingthebbc\/cookies\/\">Advertisement<\/a><\/p>\n\n\n\n<p>&#8220;A elei\u00e7\u00e3o tem um efeito simb\u00f3lico. \u00c9 como uma corrida de revezamento: o bast\u00e3o agora chegou aqui e recebo com o sentido de miss\u00e3o e com a consci\u00eancia de um dever a cumprir&#8221;, afirmou.<\/p>\n\n\n\n<p><a href=\"https:\/\/www.bbc.com\/portuguese\/articles\/c9vd1e4y20go#end-of-recommendations\">Pule Mais lidas e continue lendo<\/a><\/p>\n\n\n\n<p><strong>Mais lidas<\/strong><\/p>\n\n\n\n<ul>\n<li><img decoding=\"async\" src=\"https:\/\/ichef.bbci.co.uk\/ace\/ws\/660\/cpsprodpb\/fb62\/live\/7cd5fa90-79f2-11f0-87a7-fdfee4a863a8.jpg.webp\" srcset=\"https:\/\/ichef.bbci.co.uk\/ace\/ws\/70\/cpsprodpb\/fb62\/live\/7cd5fa90-79f2-11f0-87a7-fdfee4a863a8.jpg.webp 70w, https:\/\/ichef.bbci.co.uk\/ace\/ws\/95\/cpsprodpb\/fb62\/live\/7cd5fa90-79f2-11f0-87a7-fdfee4a863a8.jpg.webp 95w, https:\/\/ichef.bbci.co.uk\/ace\/ws\/144\/cpsprodpb\/fb62\/live\/7cd5fa90-79f2-11f0-87a7-fdfee4a863a8.jpg.webp 144w, https:\/\/ichef.bbci.co.uk\/ace\/ws\/183\/cpsprodpb\/fb62\/live\/7cd5fa90-79f2-11f0-87a7-fdfee4a863a8.jpg.webp 183w, https:\/\/ichef.bbci.co.uk\/ace\/ws\/240\/cpsprodpb\/fb62\/live\/7cd5fa90-79f2-11f0-87a7-fdfee4a863a8.jpg.webp 240w, https:\/\/ichef.bbci.co.uk\/ace\/ws\/320\/cpsprodpb\/fb62\/live\/7cd5fa90-79f2-11f0-87a7-fdfee4a863a8.jpg.webp 320w, https:\/\/ichef.bbci.co.uk\/ace\/ws\/660\/cpsprodpb\/fb62\/live\/7cd5fa90-79f2-11f0-87a7-fdfee4a863a8.jpg.webp 660w\" alt=\"Uma imagem da Terra\"><a href=\"https:\/\/www.bbc.com\/portuguese\/articles\/c36j38r7gexo\">Por que os alien\u00edgenas provavelmente existem \u2014 mas n\u00e3o v\u00e3o nos visitar t\u00e3o cedo<\/a><\/li>\n\n\n\n<li><img decoding=\"async\" src=\"https:\/\/ichef.bbci.co.uk\/ace\/ws\/660\/cpsprodpb\/41eb\/live\/4de020a0-7fa9-11f0-83cc-c5da98c419b8.jpg.webp\" srcset=\"https:\/\/ichef.bbci.co.uk\/ace\/ws\/70\/cpsprodpb\/41eb\/live\/4de020a0-7fa9-11f0-83cc-c5da98c419b8.jpg.webp 70w, https:\/\/ichef.bbci.co.uk\/ace\/ws\/95\/cpsprodpb\/41eb\/live\/4de020a0-7fa9-11f0-83cc-c5da98c419b8.jpg.webp 95w, https:\/\/ichef.bbci.co.uk\/ace\/ws\/144\/cpsprodpb\/41eb\/live\/4de020a0-7fa9-11f0-83cc-c5da98c419b8.jpg.webp 144w, https:\/\/ichef.bbci.co.uk\/ace\/ws\/183\/cpsprodpb\/41eb\/live\/4de020a0-7fa9-11f0-83cc-c5da98c419b8.jpg.webp 183w, https:\/\/ichef.bbci.co.uk\/ace\/ws\/240\/cpsprodpb\/41eb\/live\/4de020a0-7fa9-11f0-83cc-c5da98c419b8.jpg.webp 240w, https:\/\/ichef.bbci.co.uk\/ace\/ws\/320\/cpsprodpb\/41eb\/live\/4de020a0-7fa9-11f0-83cc-c5da98c419b8.jpg.webp 320w, https:\/\/ichef.bbci.co.uk\/ace\/ws\/660\/cpsprodpb\/41eb\/live\/4de020a0-7fa9-11f0-83cc-c5da98c419b8.jpg.webp 660w\" alt=\"Idoso de costas, mexendo em planta\"><a href=\"https:\/\/www.bbc.com\/portuguese\/articles\/cvgnzd9pv7po\">O &#8216;Bolsa Fam\u00edlia&#8217; do Jap\u00e3o que ampara idosos brasileiros e \u00e9 criticado por opositores<\/a><\/li>\n\n\n\n<li><img decoding=\"async\" src=\"https:\/\/ichef.bbci.co.uk\/ace\/ws\/660\/cpsprodpb\/661b\/live\/6ed2a4a0-748b-11f0-bc88-1f933688d83a.jpg.webp\" srcset=\"https:\/\/ichef.bbci.co.uk\/ace\/ws\/70\/cpsprodpb\/661b\/live\/6ed2a4a0-748b-11f0-bc88-1f933688d83a.jpg.webp 70w, https:\/\/ichef.bbci.co.uk\/ace\/ws\/95\/cpsprodpb\/661b\/live\/6ed2a4a0-748b-11f0-bc88-1f933688d83a.jpg.webp 95w, https:\/\/ichef.bbci.co.uk\/ace\/ws\/144\/cpsprodpb\/661b\/live\/6ed2a4a0-748b-11f0-bc88-1f933688d83a.jpg.webp 144w, https:\/\/ichef.bbci.co.uk\/ace\/ws\/183\/cpsprodpb\/661b\/live\/6ed2a4a0-748b-11f0-bc88-1f933688d83a.jpg.webp 183w, https:\/\/ichef.bbci.co.uk\/ace\/ws\/240\/cpsprodpb\/661b\/live\/6ed2a4a0-748b-11f0-bc88-1f933688d83a.jpg.webp 240w, https:\/\/ichef.bbci.co.uk\/ace\/ws\/320\/cpsprodpb\/661b\/live\/6ed2a4a0-748b-11f0-bc88-1f933688d83a.jpg.webp 320w, https:\/\/ichef.bbci.co.uk\/ace\/ws\/660\/cpsprodpb\/661b\/live\/6ed2a4a0-748b-11f0-bc88-1f933688d83a.jpg.webp 660w\" alt=\"Foto de pescador segurando um pirarucu. Os pirarucus s\u00e3o nativos da Amaz\u00f4nia e est\u00e3o entre os maiores peixes de \u00e1gua doce do mundo, podendo atingir at\u00e9 3 m de comprimento. \"><a href=\"https:\/\/www.bbc.com\/portuguese\/articles\/cy40vwy4v13o\">Pele de peixe gigante da Amaz\u00f4nia vira bolsa de luxo, mas ganho n\u00e3o chega a pescadores<\/a><\/li>\n\n\n\n<li><img decoding=\"async\" src=\"https:\/\/ichef.bbci.co.uk\/ace\/ws\/660\/cpsprodpb\/9d6f\/live\/e2d32900-7f86-11f0-83cc-c5da98c419b8.jpg.webp\" srcset=\"https:\/\/ichef.bbci.co.uk\/ace\/ws\/70\/cpsprodpb\/9d6f\/live\/e2d32900-7f86-11f0-83cc-c5da98c419b8.jpg.webp 70w, https:\/\/ichef.bbci.co.uk\/ace\/ws\/95\/cpsprodpb\/9d6f\/live\/e2d32900-7f86-11f0-83cc-c5da98c419b8.jpg.webp 95w, https:\/\/ichef.bbci.co.uk\/ace\/ws\/144\/cpsprodpb\/9d6f\/live\/e2d32900-7f86-11f0-83cc-c5da98c419b8.jpg.webp 144w, https:\/\/ichef.bbci.co.uk\/ace\/ws\/183\/cpsprodpb\/9d6f\/live\/e2d32900-7f86-11f0-83cc-c5da98c419b8.jpg.webp 183w, https:\/\/ichef.bbci.co.uk\/ace\/ws\/240\/cpsprodpb\/9d6f\/live\/e2d32900-7f86-11f0-83cc-c5da98c419b8.jpg.webp 240w, https:\/\/ichef.bbci.co.uk\/ace\/ws\/320\/cpsprodpb\/9d6f\/live\/e2d32900-7f86-11f0-83cc-c5da98c419b8.jpg.webp 320w, https:\/\/ichef.bbci.co.uk\/ace\/ws\/660\/cpsprodpb\/9d6f\/live\/e2d32900-7f86-11f0-83cc-c5da98c419b8.jpg.webp 660w\" alt=\"Ilustra\u00e7\u00e3o de pe\u00e7as de domin\u00f3 empilhadas para ca\u00edrem umas sobre as outras, com uma laranja no caminho\"><a href=\"https:\/\/www.bbc.com\/portuguese\/articles\/cn0rpjg8lnqo\">Os bizarros efeitos que a comida pode causar nos rem\u00e9dios que tomamos<\/a><\/li>\n<\/ul>\n\n\n\n<p id=\"end-of-recommendations\">Fim do Mais lidas<\/p>\n\n\n\n<p>Moraes tamb\u00e9m agradeceu e destacou a parceria com Fachin \u2014 os dois j\u00e1 dividiram a lideran\u00e7a no Tribunal Superior Eleitoral (TSE), em 2022.<\/p>\n\n\n\n<h2 class=\"wp-block-heading\" id=\"Quem-\u00e9-Edson-Fachin\">Quem \u00e9 Edson Fachin<\/h2>\n\n\n\n<p>Luiz Edson Fachin nasceu em 8 de fevereiro de 1958, em Rondinha (RS). Graduado em Direito pela Universidade Federal do Paran\u00e1 (UFPR), onde \u00e9 professor titular de Direito Civil, Fachin possui mestrado e doutorado pela Pontif\u00edcia Universidade Cat\u00f3lica de S\u00e3o Paulo (PUC-SP) e p\u00f3s-doutorado no Canad\u00e1.<\/p>\n\n\n\n<p>Antes de integrar o Supremo Tribunal Federal (STF), atuou como advogado e consultor nas \u00e1reas de Direito Civil e Direito Internacional, al\u00e9m de participar de comiss\u00f5es acad\u00eamicas e jur\u00eddicas de relev\u00e2ncia nacional.<\/p>\n\n\n\n<p>Indicado para o STF pela ent\u00e3o presidente Dilma Rousseff, tomou posse em 16 de junho de 2015 e atualmente ocupa a vice-presid\u00eancia da Corte. Ao longo de sua trajet\u00f3ria no tribunal, Fachin j\u00e1 presidiu ou foi vice no Tribunal Superior Eleitoral, consolidando experi\u00eancia em julgamentos de alta complexidade.<\/p>\n\n\n\n<figure class=\"wp-block-image\"><img decoding=\"async\" src=\"https:\/\/ichef.bbci.co.uk\/ace\/ws\/640\/cpsprodpb\/0bd6\/live\/e6c99170-78ec-11f0-ad5e-d7ef7e9f4dda.jpg.webp\" alt=\"Edson Fachin e Alexandre de Moraes\"\/><figcaption class=\"wp-element-caption\">Legenda da foto,Edson Fachin e Alexandre de Moraes<\/figcaption><\/figure>\n\n\n\n<h2 class=\"wp-block-heading\" id=\"Casos-de-destaque\">Casos de destaque<\/h2>\n\n\n\n<p><strong>Opera\u00e7\u00e3o Lava Jato<\/strong><\/p>\n\n\n\n<p>Fachin ganhou notoriedade ao assumir, em 2017, a relatoria dos processos da Opera\u00e7\u00e3o Lava Jato no Supremo, ap\u00f3s a morte do ministro Teori Zavascki.<\/p>\n\n\n\n<p>Considerado um entusiasta da opera\u00e7\u00e3o, Fachin tem um&nbsp;<a href=\"https:\/\/www.bbc.com\/portuguese\/brasil-56326451\">hist\u00f3rico de decis\u00f5es que foram consideradas &#8220;favor\u00e1veis&#8221; \u00e0 opera\u00e7\u00e3o<\/a>.<\/p>\n\n\n\n<p>Entre os desdobramentos recentes sob sua relatoria est\u00e1 o caso do ex-presidente&nbsp;<a href=\"https:\/\/www.bbc.com\/portuguese\/articles\/c0780rzmd8po\">Fernando Collor, condenado a 8 anos e 10 meses de pris\u00e3o por corrup\u00e7\u00e3o passiva<\/a>&nbsp;e lavagem de dinheiro em processo ligado a irregularidades na BR Distribuidora.<\/p>\n\n\n\n<p>A condena\u00e7\u00e3o, de maio de 2023, foi confirmada em 2024, e a pris\u00e3o de Collor foi determinada ap\u00f3s o esgotamento dos recursos. Em decis\u00e3o referendada por 6 a 4 no STF, Fachin acompanhou o voto do relator Alexandre de Moraes para manter o ex-presidente preso. Posteriormente, a pena foi convertida em pris\u00e3o domiciliar por quest\u00f5es de sa\u00fade.<\/p>\n\n\n\n<figure class=\"wp-block-image\"><img decoding=\"async\" src=\"https:\/\/ichef.bbci.co.uk\/ace\/ws\/640\/cpsprodpb\/8470\/live\/3415ffb0-78eb-11f0-8071-1788c7e8ae0e.jpg.webp\" alt=\"Em 2016, quando a Pol\u00edcia Federal prendeu policiais legislativos suspeitos de atrapalhar a Opera\u00e7\u00e3o Lava Jato \"\/><figcaption class=\"wp-element-caption\">Legenda da foto,Imagem de 2016, quando a Pol\u00edcia Federal prendeu policiais legislativos suspeitos de atrapalhar a Opera\u00e7\u00e3o Lava Jato<\/figcaption><\/figure>\n\n\n\n<p><a href=\"https:\/\/www.bbc.com\/portuguese\/articles\/c9vd1e4y20go#end-of-podcasts\">Pule Whatsapp! e continue lendo<\/a><\/p>\n\n\n\n<figure class=\"wp-block-image\"><img decoding=\"async\" src=\"https:\/\/ichef.bbc.co.uk\/images\/ic\/512x512\/p0lq77dv.png.webp\" alt=\"BBC Brasil no WhatsAp\"\/><\/figure>\n\n\n\n<p><strong><a href=\"https:\/\/www.whatsapp.com\/channel\/0029VaVHa4S6rsQrlMVx8c0b\">No WhatsApp<\/a><\/strong><\/p>\n\n\n\n<p>Agora voc\u00ea pode receber as not\u00edcias da BBC News Brasil no seu celular.<\/p>\n\n\n\n<p>Clique para se inscrever<\/p>\n\n\n\n<p id=\"end-of-podcasts\">Fim do Whatsapp!<\/p>\n\n\n\n<p><strong>Marco temporal na demarca\u00e7\u00e3o de \u00e1reas ind\u00edgenas<\/strong><\/p>\n\n\n\n<p>Fachin tamb\u00e9m se destacou em processos envolvendo direitos ind\u00edgenas. No julgamento sobre o chamado &#8220;<a href=\"https:\/\/www.bbc.com\/portuguese\/articles\/cp0zn65j548o\">marco temporal<\/a>&#8221; \u2014 tese segundo a qual s\u00f3 poderiam ser demarcadas terras ocupadas por povos ind\u00edgenas na data da promulga\u00e7\u00e3o da Constitui\u00e7\u00e3o de 1988 \u2014 o ministro votou contra a ado\u00e7\u00e3o dessa regra. O caso, de repercuss\u00e3o geral, tem como origem uma disputa por terras em Santa Catarina e pode definir o futuro de dezenas de processos semelhantes.<\/p>\n\n\n\n<p>Al\u00e9m disso, em janeiro de 2024, Fachin suspendeu decis\u00f5es judiciais que travavam a demarca\u00e7\u00e3o da Terra Ind\u00edgena Tekoha Guasu Guavira, no Paran\u00e1. De acordo com o ministro, as decis\u00f5es n\u00e3o observaram o direito ao contradit\u00f3rio e \u00e0 ampla defesa das comunidades ind\u00edgenas.<\/p>\n\n\n\n<p>&#8220;\u00c9 fundamental que as solu\u00e7\u00f5es possam de fato refletir as diferen\u00e7as de realidade e de percep\u00e7\u00e3o entre as partes. O envolvimento ativo de todos os atores estatais, sobretudo para ouvir as partes e as auxiliar a encontrar pontos comuns&#8221;, decidiu Fachin, conforme noticiado pela Ag\u00eancia Brasil. O processo voltou a avan\u00e7ar ap\u00f3s anos de impasse e aumento da tens\u00e3o na regi\u00e3o, incluindo ataques armados contra ind\u00edgenas Av\u00e1-Guarani. O ministro tamb\u00e9m conduz a\u00e7\u00f5es que pedem medidas de prote\u00e7\u00e3o a povos isolados e de recente contato.<\/p>\n\n\n\n<p><strong>Revista \u00edntima<\/strong><\/p>\n\n\n\n<p>Em outro caso envolvendo seguran\u00e7a p\u00fablica, o Supremo concluiu em abril de 2025 o julgamento que proibiu a chamada &#8220;revista \u00edntima vexat\u00f3ria&#8221; \u2014 procedimento adotado em pres\u00eddios que exp\u00f5e e humilha visitantes e detentos. O processo foi relatado por Fachin.<\/p>\n\n\n\n<p>Pela decis\u00e3o, a pr\u00e1tica est\u00e1 proibida imediatamente. No entanto, o tribunal estabeleceu um prazo de at\u00e9 24 meses para que os estabelecimentos prisionais se adaptem e instalem equipamentos como scanners corporais e detectores de metais. Nesse per\u00edodo de transi\u00e7\u00e3o, s\u00f3 poder\u00e3o ser usados m\u00e9todos de revista que n\u00e3o sejam invasivos nem humilhantes, como inspe\u00e7\u00e3o visual de objetos ou detectores port\u00e1teis.<\/p>\n\n\n\n<p><strong>&#8216;Uberiza\u00e7\u00e3o&#8217;<\/strong><\/p>\n\n\n\n<p>Sob relatoria do ministro Edson Fachin, o Supremo Tribunal Federal (STF) analisa um recurso que discute se motoristas de aplicativos t\u00eam v\u00ednculo empregat\u00edcio com as plataformas digitais \u2014 tema conhecido como &#8220;uberiza\u00e7\u00e3o&#8221;. A decis\u00e3o ter\u00e1 efeito vinculante para todos os casos semelhantes no pa\u00eds, gra\u00e7as ao reconhecimento da repercuss\u00e3o geral (Tema 1.291).<\/p>\n\n\n\n<p>Em dezembro de 2024, Fachin promoveu uma audi\u00eancia p\u00fablica com 58 expositores, incluindo representantes de motoristas, empresas, sindicatos e especialistas, para subsidiar a decis\u00e3o do tribunal. O objetivo foi avaliar aspectos como a carga hor\u00e1ria, o controle algor\u00edtmico das atividades e a aus\u00eancia de benef\u00edcios trabalhistas t\u00edpicos, como f\u00e9rias e 13\u00ba sal\u00e1rio.<\/p>\n\n\n\n<p>A defini\u00e7\u00e3o do STF ter\u00e1 impacto direto em milhares de processos espalhados pelo Judici\u00e1rio brasileiro, estabelecendo um padr\u00e3o para a rela\u00e7\u00e3o entre trabalhadores e plataformas digitais.<\/p>\n","protected":false},"excerpt":{"rendered":"<p>Qual \u00e9 o perfil do ministro eleito como novo presidente do STF, indicado por Dilma Rousseff Article Information O&nbsp;Supremo Tribunal Federal&nbsp;(STF) elegeu nesta quarta-feira (13) o ministro Edson Fachin como<\/p>\n","protected":false},"author":1,"featured_media":9542,"comment_status":"closed","ping_status":"closed","sticky":false,"template":"","format":"standard","meta":[],"categories":[1],"tags":[],"_links":{"self":[{"href":"https:\/\/7ports.com.br\/index.php?rest_route=\/wp\/v2\/posts\/9541"}],"collection":[{"href":"https:\/\/7ports.com.br\/index.php?rest_route=\/wp\/v2\/posts"}],"about":[{"href":"https:\/\/7ports.com.br\/index.php?rest_route=\/wp\/v2\/types\/post"}],"author":[{"embeddable":true,"href":"https:\/\/7ports.com.br\/index.php?rest_route=\/wp\/v2\/users\/1"}],"replies":[{"embeddable":true,"href":"https:\/\/7ports.com.br\/index.php?rest_route=%2Fwp%2Fv2%2Fcomments&post=9541"}],"version-history":[{"count":1,"href":"https:\/\/7ports.com.br\/index.php?rest_route=\/wp\/v2\/posts\/9541\/revisions"}],"predecessor-version":[{"id":9543,"href":"https:\/\/7ports.com.br\/index.php?rest_route=\/wp\/v2\/posts\/9541\/revisions\/9543"}],"wp:featuredmedia":[{"embeddable":true,"href":"https:\/\/7ports.com.br\/index.php?rest_route=\/wp\/v2\/media\/9542"}],"wp:attachment":[{"href":"https:\/\/7ports.com.br\/index.php?rest_route=%2Fwp%2Fv2%2Fmedia&parent=9541"}],"wp:term":[{"taxonomy":"category","embeddable":true,"href":"https:\/\/7ports.com.br\/index.php?rest_route=%2Fwp%2Fv2%2Fcategories&post=9541"},{"taxonomy":"post_tag","embeddable":true,"href":"https:\/\/7ports.com.br\/index.php?rest_route=%2Fwp%2Fv2%2Ftags&post=9541"}],"curies":[{"name":"wp","href":"https:\/\/api.w.org\/{rel}","templated":true}]}}