
{"id":9599,"date":"2025-09-02T11:39:11","date_gmt":"2025-09-02T14:39:11","guid":{"rendered":"https:\/\/7ports.com.br\/?p=9599"},"modified":"2025-09-02T11:39:33","modified_gmt":"2025-09-02T14:39:33","slug":"cnn-julgamento-comeca-com-incognita-sobre-fux","status":"publish","type":"post","link":"https:\/\/7ports.com.br\/?p=9599","title":{"rendered":"CNN: Julgamento come\u00e7a com inc\u00f3gnita sobre Fux"},"content":{"rendered":"\n<h2 class=\"wp-block-heading\">Analista Lu\u00edsa Martins avaliou, no CNN NOVO DIA, que ministro pode apresentar entendimento diferente sobre dosimetria das penas aos r\u00e9us, especialmente na interpreta\u00e7\u00e3o dos crimes de tentativa de golpe e aboli\u00e7\u00e3o do Estado<\/h2>\n\n\n\n<p><a href=\"https:\/\/www.cnnbrasil.com.br\/autor\/da-cnn\/\">Da CNN<\/a>02\/09\/25 \u00e0s 10:26&nbsp;|&nbsp;Atualizado&nbsp;02\/09\/25 \u00e0s 11:25<\/p>\n\n\n\n<p>https:\/\/www.youtube.com\/embed\/-pN1DlKHbyQ?embed_config=%7B%22adsConfig%22%3A%7B%22disableAds%22%3Atrue%7D%2C%22enableIma%22%3Atrue%7D&amp;enablejsapi=1&amp;origin=https%3A%2F%2Fwww.cnnbrasil.com.br&amp;widgetid=1&amp;forigin=https%3A%2F%2Fwww.cnnbrasil.com.br%2Fpolitica%2Fanalise-julgamento-comeca-com-incognita-sobre-fux%2F&amp;aoriginsup=1&amp;gporigin=https%3A%2F%2Fwww.cnnbrasil.com.br%2Fpolitica%2F&amp;vf=3<a href=\"https:\/\/www.cnnbrasil.com.br\/politica\/analise-julgamento-comeca-com-incognita-sobre-fux\/\"><\/a><\/p>\n\n\n\n<p><a href=\"https:\/\/www.facebook.com\/sharer\/sharer.php?u=https%3A%2F%2Fwww.cnnbrasil.com.br%2Fpolitica%2Fanalise-julgamento-comeca-com-incognita-sobre-fux%2F\" target=\"_blank\" rel=\"noreferrer noopener\"><\/a><a href=\"https:\/\/twitter.com\/share?text=An%C3%A1lise%3A%20Julgamento%20come%C3%A7a%20com%20inc%C3%B3gnita%20sobre%20Fux%20%7C%20CNN%20Brasil%20%23CNNBrasil%20%7C%20Not%C3%ADcias%20da%20%40CNNBrasil&amp;url=https%3A%2F%2Fwww.cnnbrasil.com.br%2Fpolitica%2Fanalise-julgamento-comeca-com-incognita-sobre-fux%2F\" target=\"_blank\" rel=\"noreferrer noopener\"><\/a><a href=\"https:\/\/www.linkedin.com\/shareArticle?mini=true&amp;url=https%3A%2F%2Fwww.cnnbrasil.com.br%2Fpolitica%2Fanalise-julgamento-comeca-com-incognita-sobre-fux%2F\" target=\"_blank\" rel=\"noreferrer noopener\"><\/a><a href=\"https:\/\/wa.me\/?text=An%C3%A1lise%3A%20Julgamento%20come%C3%A7a%20com%20inc%C3%B3gnita%20sobre%20Fux%20%7C%20CNN%20Brasil%20-%20https%3A%2F%2Fwww.cnnbrasil.com.br%2Fpolitica%2Fanalise-julgamento-comeca-com-incognita-sobre-fux%2F\" target=\"_blank\" rel=\"noreferrer noopener\"><\/a><a href=\"https:\/\/www.cnnbrasil.com.br\/politica\/analise-julgamento-comeca-com-incognita-sobre-fux\/\"><\/a><\/p>\n\n\n\n<figure class=\"wp-block-table\"><table><tbody><tr><td>ouvir not\u00edcia<\/td><td><\/td><\/tr><\/tbody><\/table><\/figure>\n\n\n\n<p>O Supremo Tribunal Federal (STF) inicia nesta ter\u00e7a-feira (2) o julgamento envolvendo Jair Bolsonaro e outros sete r\u00e9us acusados de tentativa de golpe de Estado. A expectativa inicial se concentra na poss\u00edvel diverg\u00eancia do ministro Luiz Fux em rela\u00e7\u00e3o \u00e0 dosimetria das penas. A an\u00e1lise \u00e9 de Lu\u00edsa Martins no CNN NOVO DIA.<\/p>\n\n\n\n<p>Embora n\u00e3o haja<a href=\"https:\/\/www.cnnbrasil.com.br\/politica\/quais-sao-os-cenarios-possiveis-de-bolsonaro-apos-o-julgamento\/\">&nbsp;indicativos de voto pela absolvi\u00e7\u00e3o ou pedido de vista<\/a>&nbsp;por parte de Fux, suas posi\u00e7\u00f5es anteriores, especialmente em casos relacionados ao 8 de janeiro, sugerem uma interpreta\u00e7\u00e3o particular sobre a tipifica\u00e7\u00e3o dos crimes. O ministro considera que as acusa\u00e7\u00f5es de tentativa de aboli\u00e7\u00e3o violenta do Estado Democr\u00e1tico de Direito e golpe de Estado devem ser consideradas como um \u00fanico crime.<\/p>\n\n\n\n<p><strong>Leia Mais<\/strong><\/p>\n\n\n\n<ul>\n<li><a href=\"https:\/\/www.cnnbrasil.com.br\/politica\/moraes-diz-que-defesas-tiveram-acesso-as-provas-e-nega-cerceamento\/\"><\/a><a href=\"https:\/\/www.cnnbrasil.com.br\/politica\/moraes-diz-que-defesas-tiveram-acesso-as-provas-e-nega-cerceamento\/\">Moraes diz que defesas tiveram acesso \u00e0s provas e nega cerceamento<\/a><\/li>\n\n\n\n<li><a href=\"https:\/\/www.cnnbrasil.com.br\/politica\/ele-nao-esta-bem-de-saude-diz-advogado-de-bolsonaro\/\"><\/a><a href=\"https:\/\/www.cnnbrasil.com.br\/politica\/ele-nao-esta-bem-de-saude-diz-advogado-de-bolsonaro\/\">&#8220;Ele n\u00e3o est\u00e1 bem de sa\u00fade&#8221;, diz advogado de Bolsonaro<\/a><\/li>\n\n\n\n<li><a href=\"https:\/\/www.cnnbrasil.com.br\/politica\/eu-confio-na-absolvicao-do-meu-cliente-diz-advogado-de-braga-netto\/\"><\/a><a href=\"https:\/\/www.cnnbrasil.com.br\/politica\/eu-confio-na-absolvicao-do-meu-cliente-diz-advogado-de-braga-netto\/\">Eu confio na absolvi\u00e7\u00e3o do meu cliente, diz advogado de Braga Netto<\/a><\/li>\n<\/ul>\n\n\n\n<p>Play Video<\/p>\n\n\n\n<h2 class=\"wp-block-heading\">Cronograma do julgamento<\/h2>\n\n\n\n<p>As sess\u00f5es de ter\u00e7a e quarta-feira ser\u00e3o dedicadas \u00e0s sustenta\u00e7\u00f5es orais. O processo se iniciar\u00e1 com a&nbsp;<a href=\"https:\/\/www.cnnbrasil.com.br\/politica\/moraes-diz-que-tentativas-de-obstrucao-nao-afetarao-imparcialidade-do-stf\/\">leitura do relat\u00f3rio por Alexandre de Moraes<\/a>, apresentando um resumo do processo sem ju\u00edzo de valor. Na sequ\u00eancia, a Procuradoria Geral da Rep\u00fablica e as defesas dos r\u00e9us far\u00e3o suas manifesta\u00e7\u00f5es, com tempo de uma hora para cada parte.<\/p>\n\n\n\n<p>A an\u00e1lise dos votos dos ministros est\u00e1 prevista para come\u00e7ar apenas na pr\u00f3xima semana. Apesar da tend\u00eancia de condena\u00e7\u00e3o indicada nos bastidores, existe a possibilidade de diverg\u00eancias pontuais que podem impactar na defini\u00e7\u00e3o final das penas.<\/p>\n","protected":false},"excerpt":{"rendered":"<p>Analista Lu\u00edsa Martins avaliou, no CNN NOVO DIA, que ministro pode apresentar entendimento diferente sobre dosimetria das penas aos r\u00e9us, especialmente na interpreta\u00e7\u00e3o dos crimes de tentativa de golpe e<\/p>\n","protected":false},"author":1,"featured_media":9600,"comment_status":"closed","ping_status":"closed","sticky":false,"template":"","format":"standard","meta":[],"categories":[1],"tags":[],"_links":{"self":[{"href":"https:\/\/7ports.com.br\/index.php?rest_route=\/wp\/v2\/posts\/9599"}],"collection":[{"href":"https:\/\/7ports.com.br\/index.php?rest_route=\/wp\/v2\/posts"}],"about":[{"href":"https:\/\/7ports.com.br\/index.php?rest_route=\/wp\/v2\/types\/post"}],"author":[{"embeddable":true,"href":"https:\/\/7ports.com.br\/index.php?rest_route=\/wp\/v2\/users\/1"}],"replies":[{"embeddable":true,"href":"https:\/\/7ports.com.br\/index.php?rest_route=%2Fwp%2Fv2%2Fcomments&post=9599"}],"version-history":[{"count":1,"href":"https:\/\/7ports.com.br\/index.php?rest_route=\/wp\/v2\/posts\/9599\/revisions"}],"predecessor-version":[{"id":9601,"href":"https:\/\/7ports.com.br\/index.php?rest_route=\/wp\/v2\/posts\/9599\/revisions\/9601"}],"wp:featuredmedia":[{"embeddable":true,"href":"https:\/\/7ports.com.br\/index.php?rest_route=\/wp\/v2\/media\/9600"}],"wp:attachment":[{"href":"https:\/\/7ports.com.br\/index.php?rest_route=%2Fwp%2Fv2%2Fmedia&parent=9599"}],"wp:term":[{"taxonomy":"category","embeddable":true,"href":"https:\/\/7ports.com.br\/index.php?rest_route=%2Fwp%2Fv2%2Fcategories&post=9599"},{"taxonomy":"post_tag","embeddable":true,"href":"https:\/\/7ports.com.br\/index.php?rest_route=%2Fwp%2Fv2%2Ftags&post=9599"}],"curies":[{"name":"wp","href":"https:\/\/api.w.org\/{rel}","templated":true}]}}