
{"id":9609,"date":"2025-09-02T12:10:01","date_gmt":"2025-09-02T15:10:01","guid":{"rendered":"https:\/\/7ports.com.br\/?p=9609"},"modified":"2025-09-02T12:10:03","modified_gmt":"2025-09-02T15:10:03","slug":"the-guardian-putin-xi-e-kim-se-encontram-em-mesa-redonda-sem-kim","status":"publish","type":"post","link":"https:\/\/7ports.com.br\/?p=9609","title":{"rendered":"The Guardian: Putin, XI e Kim se encontram em mesa redonda sem Kim"},"content":{"rendered":"\n<p><img decoding=\"async\" loading=\"lazy\" width=\"465\" height=\"372\" src=\"blob:https:\/\/7ports.com.br\/b707e1d1-1d79-4d3f-b0fc-e94bd6c39b60\" alt=\"Vladimir Putin fala com Xi Jinping enquanto caminham lado a lado\"><a href=\"https:\/\/www.theguardian.com\/world\/2025\/sep\/02\/vladimir-putin-xi-jinping-russia-china-ties-kim-jong-un-beijing-parade#img-1\">Ver imagem em tela cheia<\/a><\/p>\n\n\n\n<p>Vladimir Putin conversa com Xi Jinping durante uma caminhada no complexo da lideran\u00e7a de Zhongnanhai, em Pequim, na ter\u00e7a-feira.&nbsp;Fotografia: Alexander Kazakov\/AP<\/p>\n\n\n\n<p><a href=\"https:\/\/www.theguardian.com\/world\/china\"><strong>China<\/strong><\/a><\/p>\n\n\n\n<p>Putin elogia la\u00e7os com a China enquanto Kim Jong-un chega a Pequim na v\u00e9spera do desfile<\/p>\n\n\n\n<p>Presidente russo diz que rela\u00e7\u00f5es est\u00e3o em &#8216;n\u00edvel in\u00e9dito&#8217; enquanto dezenas de l\u00edderes se re\u00fanem para eventos do Dia da Vit\u00f3ria<\/p>\n\n\n\n<p><em><a href=\"https:\/\/www.theguardian.com\/profile\/amy-hawkins\"><strong>Amy Hawkins<\/strong><\/a><\/em><\/p>\n\n\n\n<p>Ter\u00e7a-feira, 2 de setembro de 2025, 15h35 BST<\/p>\n\n\n\n<p>Compartilhar<\/p>\n\n\n\n<p>Vladimir Putin elogiou o n\u00edvel &#8220;sem precedentes&#8221; de la\u00e7os da R\u00fassia com a China, enquanto dezenas de l\u00edderes, incluindo o ditador norte-coreano Kim Jong-un, chegaram a Pequim na v\u00e9spera de um grande desfile militar.<\/p>\n\n\n\n<p>Putin chamou o l\u00edder chin\u00eas,&nbsp;<a href=\"https:\/\/www.theguardian.com\/world\/xi-jinping\">Xi Jinping<\/a>&nbsp;, de &#8220;querido amigo&#8221; depois que os dois conversaram no Grande Sal\u00e3o do Povo e depois na resid\u00eancia pessoal de Xi.<\/p>\n\n\n\n<p>\u201cNossa comunica\u00e7\u00e3o pr\u00f3xima reflete a natureza estrat\u00e9gica das rela\u00e7\u00f5es R\u00fassia-China, que est\u00e3o em um n\u00edvel sem precedentes\u201d, disse Putin a Xi, segundo um v\u00eddeo no canal Telegram do Kremlin. \u201cSempre estivemos juntos naquela \u00e9poca e continuamos juntos agora.\u201d<\/p>\n\n\n\n<p>Putin, descrito por Xi na ter\u00e7a-feira como seu &#8220;velho amigo&#8221;, \u00e9 o mais proeminente de uma lista de autocratas que se reuniram na&nbsp;<a href=\"https:\/\/www.theguardian.com\/world\/china\">China<\/a>&nbsp;esta semana para uma s\u00e9rie dupla de eventos projetados para mostrar o poder da segunda maior economia do mundo e rival geopol\u00edtica dos EUA.<\/p>\n\n\n\n<p>Um assessor do Kremlin disse \u00e0 ag\u00eancia de not\u00edcias russa Interfax que Putin provavelmente tamb\u00e9m manter\u00e1 conversas na quarta-feira com Kim, que&nbsp;<a href=\"https:\/\/www.theguardian.com\/world\/2025\/sep\/02\/north-koreas-kim-jong-un-to-arrive-in-beijing-for-military-parade-on-special-armoured-train\">chegou \u00e0 China em um trem blindado<\/a>&nbsp;na ter\u00e7a-feira.<\/p>\n\n\n\n<p><img decoding=\"async\" loading=\"lazy\" width=\"445\" height=\"296\" src=\"blob:https:\/\/7ports.com.br\/19df5ba9-4984-4675-bc27-affeca3c1b3c\" alt=\"Kim Jong-un sorri ao parar um trem com assessores pr\u00f3ximos e policiais paramilitares em posi\u00e7\u00e3o de sentido\"><a href=\"https:\/\/www.theguardian.com\/world\/2025\/sep\/02\/vladimir-putin-xi-jinping-russia-china-ties-kim-jong-un-beijing-parade#img-2\">Ver imagem em tela cheia<\/a><\/p>\n\n\n\n<p>Kim Jong-un desembarca em uma esta\u00e7\u00e3o ferrovi\u00e1ria em Pequim na ter\u00e7a-feira.&nbsp;Fotografia: Pang Xinglei\/AP<\/p>\n\n\n\n<p>No&nbsp;<a href=\"https:\/\/www.theguardian.com\/world\/2025\/sep\/01\/china-military-parade-anti-west-leaders\">desfile do Dia da Vit\u00f3ria,<\/a>&nbsp;na quarta-feira, milhares de soldados marchar\u00e3o pelas ruas da capital em uma demonstra\u00e7\u00e3o do poderio militar chin\u00eas. Tanques barulhentos e poderosos ca\u00e7as tamb\u00e9m estar\u00e3o em exibi\u00e7\u00e3o no evento, que est\u00e1 sendo realizado para comemorar os 80 anos da derrota do Jap\u00e3o na Segunda Guerra Mundial.<\/p>\n\n\n\n<p><a href=\"https:\/\/www.theguardian.com\/world\/2025\/sep\/01\/china-military-parade-anti-west-leaders\"><\/a><\/p>\n\n\n\n<figure class=\"wp-block-image size-large\"><img decoding=\"async\" loading=\"lazy\" width=\"1024\" height=\"819\" src=\"https:\/\/7ports.com.br\/wp-content\/uploads\/2025\/09\/image-1024x819.jpeg\" alt=\"\" class=\"wp-image-9610\" srcset=\"https:\/\/7ports.com.br\/wp-content\/uploads\/2025\/09\/image-1024x819.jpeg 1024w, https:\/\/7ports.com.br\/wp-content\/uploads\/2025\/09\/image-300x240.jpeg 300w, https:\/\/7ports.com.br\/wp-content\/uploads\/2025\/09\/image-768x615.jpeg 768w, https:\/\/7ports.com.br\/wp-content\/uploads\/2025\/09\/image-1536x1229.jpeg 1536w, https:\/\/7ports.com.br\/wp-content\/uploads\/2025\/09\/image-2048x1639.jpeg 2048w\" sizes=\"(max-width: 1024px) 100vw, 1024px\" \/><\/figure>\n\n\n\n<p><a href=\"https:\/\/www.theguardian.com\/world\/2025\/sep\/01\/china-military-parade-anti-west-leaders\"><\/a><\/p>\n\n\n\n<p><a href=\"https:\/\/www.theguardian.com\/world\/2025\/sep\/01\/china-military-parade-anti-west-leaders\">China exibir\u00e1 poderio militar em desfile com a presen\u00e7a de l\u00edderes anti-ocidentais<\/a><\/p>\n\n\n\n<p><a href=\"https:\/\/www.theguardian.com\/world\/2025\/sep\/01\/china-military-parade-anti-west-leaders\">Ler mais<\/a><\/p>\n\n\n\n<p>A reuni\u00e3o de autocratas globais \u2014 l\u00edderes do Ir\u00e3, Mianmar e Zimb\u00e1bue tamb\u00e9m estar\u00e3o presentes, juntamente com uma s\u00e9rie de outros dignit\u00e1rios n\u00e3o ocidentais \u2014 foi descrita como o &#8220;eixo da revolta&#8221; por analistas.<\/p>\n\n\n\n<p>Putin tamb\u00e9m se encontrou com o primeiro-ministro eslovaco,&nbsp;<a href=\"https:\/\/www.theguardian.com\/world\/robert-fico\">Robert Fico<\/a>&nbsp;, o \u00fanico l\u00edder da UE presente, que \u00e9 amigo de Moscou e a quem elogiou pela posi\u00e7\u00e3o &#8220;independente&#8221; de seu pa\u00eds. Fico criticou Kiev repetidamente e suspendeu as san\u00e7\u00f5es da Uni\u00e3o Europeia contra Moscou, argumentando que elas colocavam em risco a seguran\u00e7a energ\u00e9tica da Eslov\u00e1quia. Putin sugeriu que Bratislava cortasse o fornecimento de g\u00e1s para a Ucr\u00e2nia. &#8220;A Ucr\u00e2nia recebe um volume significativo de recursos energ\u00e9ticos por meio de seus vizinhos do Leste Europeu. Cortem o fornecimento de g\u00e1s que for no sentido inverso&#8221;, disse ele a Fico.<\/p>\n\n\n\n<p>Sobre a Ucr\u00e2nia, Putin disse que nunca se op\u00f4s \u00e0 potencial ades\u00e3o da Ucr\u00e2nia \u00e0 Uni\u00e3o Europeia. &#8220;Quanto \u00e0 ades\u00e3o da Ucr\u00e2nia \u00e0 UE, nunca nos opusemos a isso&#8230; Quanto \u00e0 OTAN, essa \u00e9 outra quest\u00e3o.&#8221; O presidente russo disse n\u00e3o ter inten\u00e7\u00e3o de atacar a Europa.<\/p>\n\n\n\n<p>Os coment\u00e1rios de Putin sobre a rela\u00e7\u00e3o R\u00fassia-China ocorreram no momento em que os dois pa\u00edses assinaram um acordo que aumentar\u00e1 significativamente as importa\u00e7\u00f5es de g\u00e1s russo por Pequim nos pr\u00f3ximos 30 anos. Putin e Xi concordaram em construir o gasoduto Power of Siberia 2, que permitir\u00e1 o transporte de 50 bilh\u00f5es de metros c\u00fabicos de g\u00e1s para a China a cada ano.<\/p>\n\n\n\n<p>As compras de energia russa pela China e o crescente com\u00e9rcio bilateral entre os dois pa\u00edses t\u00eam sido uma t\u00e1bua de salva\u00e7\u00e3o econ\u00f4mica para Moscou desde o in\u00edcio da guerra na Ucr\u00e2nia.<\/p>\n\n\n\n<p><img decoding=\"async\" loading=\"lazy\" width=\"445\" height=\"296\" src=\"blob:https:\/\/7ports.com.br\/cb9b1f6f-7bc7-4ad6-bd7c-556138e9ad2e\" alt=\"Xi Jinping e Masoud Pezeshkian sentam-se ladeados por autoridades em uma grande sala com exibi\u00e7\u00f5es de flores e as bandeiras chinesa e iraniana\"><a href=\"https:\/\/www.theguardian.com\/world\/2025\/sep\/02\/vladimir-putin-xi-jinping-russia-china-ties-kim-jong-un-beijing-parade#img-3\">Ver imagem em tela cheia<\/a><\/p>\n\n\n\n<p>Xi Jinping, o quarto da esquerda para a direita, conversa com o presidente iraniano, Masoud Pezeshkian, o quarto da direita para a esquerda, no Grande Sal\u00e3o do Povo, em Pequim, na ter\u00e7a-feira.&nbsp;Fotografia: Parker Song\/AP<\/p>\n\n\n\n<p>O gasoduto passar\u00e1 pela Mong\u00f3lia. Assim como Putin, o presidente da Mong\u00f3lia, Khurelsukh Ukhnaa, esteve na China para a c\u00fapula anual&nbsp;<a href=\"https:\/\/www.theguardian.com\/world\/2025\/aug\/31\/putin-modi-erdogan-xi-china-talks\">da Organiza\u00e7\u00e3o de Coopera\u00e7\u00e3o de Xangai<\/a>&nbsp;, realizada em Tianjin no domingo e na segunda-feira.<\/p>\n\n\n\n<p>Xi disse na ter\u00e7a-feira: \u201cQuanto mais ca\u00f3tica a situa\u00e7\u00e3o internacional se torna, mais a China, a R\u00fassia e&nbsp;<a href=\"https:\/\/www.theguardian.com\/world\/mongolia\">a Mong\u00f3lia<\/a>&nbsp;devem fortalecer a solidariedade e a coopera\u00e7\u00e3o.\u201d<\/p>\n\n\n\n<p><a href=\"https:\/\/www.theguardian.com\/world\/gallery\/2025\/sep\/02\/xi-welcomes-putin-and-other-world-leaders-to-china-in-pictures\"><\/a><\/p>\n\n\n\n<figure class=\"wp-block-image size-large\"><img decoding=\"async\" loading=\"lazy\" width=\"1024\" height=\"819\" src=\"https:\/\/7ports.com.br\/wp-content\/uploads\/2025\/09\/image-1-1024x819.jpeg\" alt=\"\" class=\"wp-image-9611\" srcset=\"https:\/\/7ports.com.br\/wp-content\/uploads\/2025\/09\/image-1-1024x819.jpeg 1024w, https:\/\/7ports.com.br\/wp-content\/uploads\/2025\/09\/image-1-300x240.jpeg 300w, https:\/\/7ports.com.br\/wp-content\/uploads\/2025\/09\/image-1-768x614.jpeg 768w, https:\/\/7ports.com.br\/wp-content\/uploads\/2025\/09\/image-1-1536x1228.jpeg 1536w, https:\/\/7ports.com.br\/wp-content\/uploads\/2025\/09\/image-1-2048x1638.jpeg 2048w\" sizes=\"(max-width: 1024px) 100vw, 1024px\" \/><\/figure>\n\n\n\n<p><a href=\"https:\/\/www.theguardian.com\/world\/gallery\/2025\/sep\/02\/xi-welcomes-putin-and-other-world-leaders-to-china-in-pictures\"><\/a><\/p>\n\n\n\n<p><a href=\"https:\/\/www.theguardian.com\/world\/gallery\/2025\/sep\/02\/xi-welcomes-putin-and-other-world-leaders-to-china-in-pictures\">Xi d\u00e1 as boas-vindas a Putin e outros l\u00edderes mundiais na China \u2013 em fotos<\/a><\/p>\n\n\n\n<p><a href=\"https:\/\/www.theguardian.com\/world\/gallery\/2025\/sep\/02\/xi-welcomes-putin-and-other-world-leaders-to-china-in-pictures\">Ler mais<\/a><\/p>\n\n\n\n<p>A m\u00eddia estatal chinesa noticiou na ter\u00e7a-feira que Putin e Xi assinaram mais de 20 documentos de coopera\u00e7\u00e3o bilateral durante as negocia\u00e7\u00f5es em Pequim. A China tamb\u00e9m anunciou que estender\u00e1 a isen\u00e7\u00e3o de visto a portadores de passaporte russo a partir de 15 de setembro.<\/p>\n\n\n\n<p>O primeiro-ministro da \u00cdndia,&nbsp;<a href=\"https:\/\/www.theguardian.com\/world\/narendra-modi\">Narendra Modi<\/a>&nbsp;, tamb\u00e9m participou da c\u00fapula da OCS, em um sinal de que as rela\u00e7\u00f5es entre China e \u00cdndia est\u00e3o descongelando ap\u00f3s a imposi\u00e7\u00e3o de pesadas tarifas dos EUA sobre as exporta\u00e7\u00f5es indianas.<\/p>\n\n\n\n<p>Kim chegou a Pequim para o desfile em um&nbsp;<a href=\"https:\/\/www.theguardian.com\/world\/2025\/sep\/02\/north-koreas-kim-jong-un-to-arrive-in-beijing-for-military-parade-on-special-armoured-train\">trem especialmente blindado<\/a>&nbsp;, em sua primeira visita \u00e0 China desde 2019. Tamb\u00e9m \u00e9 a primeira vez desde 1959 que um l\u00edder norte-coreano participa de um evento internacional dessa escala.<\/p>\n\n\n\n<p>A viagem de Kim ocorre ap\u00f3s um per\u00edodo em que os la\u00e7os entre a R\u00fassia e a Coreia do Norte se aprofundaram, com Pyongyang enviando dezenas de milhares de soldados para lutar pela R\u00fassia na guerra na Ucr\u00e2nia.<\/p>\n\n\n\n<p>Xi, falando na c\u00fapula da OCS na segunda-feira, prop\u00f4s uma \u201ciniciativa de governan\u00e7a global\u201d, a mais recente de uma s\u00e9rie de \u201ciniciativas globais\u201d chinesas para remodelar a ordem mundial de acordo com os princ\u00edpios defendidos por Pequim.<\/p>\n","protected":false},"excerpt":{"rendered":"<p>Ver imagem em tela cheia Vladimir Putin conversa com Xi Jinping durante uma caminhada no complexo da lideran\u00e7a de Zhongnanhai, em Pequim, na ter\u00e7a-feira.&nbsp;Fotografia: Alexander Kazakov\/AP China Putin elogia la\u00e7os<\/p>\n","protected":false},"author":1,"featured_media":9612,"comment_status":"closed","ping_status":"closed","sticky":false,"template":"","format":"standard","meta":[],"categories":[1],"tags":[],"_links":{"self":[{"href":"https:\/\/7ports.com.br\/index.php?rest_route=\/wp\/v2\/posts\/9609"}],"collection":[{"href":"https:\/\/7ports.com.br\/index.php?rest_route=\/wp\/v2\/posts"}],"about":[{"href":"https:\/\/7ports.com.br\/index.php?rest_route=\/wp\/v2\/types\/post"}],"author":[{"embeddable":true,"href":"https:\/\/7ports.com.br\/index.php?rest_route=\/wp\/v2\/users\/1"}],"replies":[{"embeddable":true,"href":"https:\/\/7ports.com.br\/index.php?rest_route=%2Fwp%2Fv2%2Fcomments&post=9609"}],"version-history":[{"count":1,"href":"https:\/\/7ports.com.br\/index.php?rest_route=\/wp\/v2\/posts\/9609\/revisions"}],"predecessor-version":[{"id":9613,"href":"https:\/\/7ports.com.br\/index.php?rest_route=\/wp\/v2\/posts\/9609\/revisions\/9613"}],"wp:featuredmedia":[{"embeddable":true,"href":"https:\/\/7ports.com.br\/index.php?rest_route=\/wp\/v2\/media\/9612"}],"wp:attachment":[{"href":"https:\/\/7ports.com.br\/index.php?rest_route=%2Fwp%2Fv2%2Fmedia&parent=9609"}],"wp:term":[{"taxonomy":"category","embeddable":true,"href":"https:\/\/7ports.com.br\/index.php?rest_route=%2Fwp%2Fv2%2Fcategories&post=9609"},{"taxonomy":"post_tag","embeddable":true,"href":"https:\/\/7ports.com.br\/index.php?rest_route=%2Fwp%2Fv2%2Ftags&post=9609"}],"curies":[{"name":"wp","href":"https:\/\/api.w.org\/{rel}","templated":true}]}}