
{"id":9628,"date":"2025-09-11T23:42:36","date_gmt":"2025-09-12T02:42:36","guid":{"rendered":"https:\/\/7ports.com.br\/?p=9628"},"modified":"2025-09-11T23:43:00","modified_gmt":"2025-09-12T02:43:00","slug":"como-voto-de-fux-no-plano-de-golpe-pode-afetar-relacao-com-ministros-do-stf","status":"publish","type":"post","link":"https:\/\/7ports.com.br\/?p=9628","title":{"rendered":"Como voto de Fux no plano de golpe pode afetar rela\u00e7\u00e3o com ministros do STF"},"content":{"rendered":"\n<h2 class=\"wp-block-heading\">Em parecer que durou quase 14 horas, magistrado votou para absolver o ex-presidente Jair Bolsonaro (PL) e outros cinco r\u00e9us<\/h2>\n\n\n\n<p><a href=\"https:\/\/www.cnnbrasil.com.br\/autor\/gabriela-piva\/\">Gabriela Piva<\/a>, da CNN, S\u00e3o Paulo11\/09\/25 \u00e0s 14:06&nbsp;|&nbsp;Atualizado&nbsp;11\/09\/25 \u00e0s 22:15<\/p>\n\n\n\n<figure class=\"wp-block-image size-full\"><img decoding=\"async\" loading=\"lazy\" width=\"419\" height=\"279\" src=\"https:\/\/7ports.com.br\/wp-content\/uploads\/2025\/09\/image-2.jpeg\" alt=\"\" class=\"wp-image-9629\" srcset=\"https:\/\/7ports.com.br\/wp-content\/uploads\/2025\/09\/image-2.jpeg 419w, https:\/\/7ports.com.br\/wp-content\/uploads\/2025\/09\/image-2-300x200.jpeg 300w\" sizes=\"(max-width: 419px) 100vw, 419px\" \/><figcaption class=\"wp-element-caption\">Luiz Fux, ministro do STF (Supremo Tribunal Federal)&nbsp; \u2022&nbsp;Rosinei Coutinho\/STF<\/figcaption><\/figure>\n\n\n\n<p><a href=\"https:\/\/www.cnnbrasil.com.br\/politica\/como-voto-de-fux-na-trama-golpista-pode-afetar-relacao-com-ministros-do-stf\/\"><\/a><\/p>\n\n\n\n<p><a href=\"https:\/\/www.facebook.com\/sharer\/sharer.php?u=https%3A%2F%2Fwww.cnnbrasil.com.br%2Fpolitica%2Fcomo-voto-de-fux-na-trama-golpista-pode-afetar-relacao-com-ministros-do-stf%2F\" target=\"_blank\" rel=\"noreferrer noopener\"><\/a><a href=\"https:\/\/twitter.com\/share?text=Como%20voto%20de%20Fux%20no%20plano%20de%20golpe%20pode%20afetar%20rela%C3%A7%C3%A3o%20com%20ministros%20do%20STF%20%7C%20CNN%20Brasil%20%23CNNBrasil%20%7C%20Not%C3%ADcias%20da%20%40CNNBrasil&amp;url=https%3A%2F%2Fwww.cnnbrasil.com.br%2Fpolitica%2Fcomo-voto-de-fux-na-trama-golpista-pode-afetar-relacao-com-ministros-do-stf%2F\" target=\"_blank\" rel=\"noreferrer noopener\"><\/a><a href=\"https:\/\/www.linkedin.com\/shareArticle?mini=true&amp;url=https%3A%2F%2Fwww.cnnbrasil.com.br%2Fpolitica%2Fcomo-voto-de-fux-na-trama-golpista-pode-afetar-relacao-com-ministros-do-stf%2F\" target=\"_blank\" rel=\"noreferrer noopener\"><\/a><a href=\"https:\/\/wa.me\/?text=Como%20voto%20de%20Fux%20no%20plano%20de%20golpe%20pode%20afetar%20rela%C3%A7%C3%A3o%20com%20ministros%20do%20STF%20%7C%20CNN%20Brasil%20-%20https%3A%2F%2Fwww.cnnbrasil.com.br%2Fpolitica%2Fcomo-voto-de-fux-na-trama-golpista-pode-afetar-relacao-com-ministros-do-stf%2F\" target=\"_blank\" rel=\"noreferrer noopener\"><\/a><a href=\"https:\/\/www.cnnbrasil.com.br\/politica\/como-voto-de-fux-na-trama-golpista-pode-afetar-relacao-com-ministros-do-stf\/\"><\/a><\/p>\n\n\n\n<figure class=\"wp-block-table\"><table><tbody><tr><td>ouvir not\u00edcia<\/td><td><\/td><\/tr><\/tbody><\/table><\/figure>\n\n\n\n<p>O ministro&nbsp;<strong>Luiz Fux<\/strong>, do STF (Supremo Tribunal Federal), votou na quarta-feira (10) para absolver o ex-presidente<strong>&nbsp;Jair Bolsonaro (PL)<\/strong>&nbsp;e outros cinco r\u00e9us por crimes contra a democracia.<\/p>\n\n\n\n<p>A previs\u00e3o era de que a sess\u00e3o do julgamento envolvendo o ex-mandat\u00e1rio, que come\u00e7ou \u00e0s 9h, fosse conclu\u00edda \u00e0s 12h. No entanto, ela s\u00f3 se encerrou pr\u00f3ximo das 23h.<\/p>\n\n\n\n<p>Durante seu voto,&nbsp;<a href=\"https:\/\/www.cnnbrasil.com.br\/politica\/em-quase-14-h-fux-vota-em-absolver-bolsonaro-e-condenar-cid-e-braga-netto\/\" target=\"_blank\" rel=\"noreferrer noopener\">Fux tamb\u00e9m votou para absolver por completo o ex-comandante da Marinha&nbsp;<strong>Almir Garnier<\/strong><\/a>; o deputado federal&nbsp;<strong>Alexandre Ramagem (PL-RJ)<\/strong>, ex-diretor da Abin (Ag\u00eancia Brasileira de Intelig\u00eancia);&nbsp;<strong>Paulo S\u00e9rgio Nogueira<\/strong>, ex-ministro da Defesa; o general&nbsp;<strong>Augusto Heleno<\/strong>, ex-chefe do GSI (Gabinete de Seguran\u00e7a Institucional); e&nbsp;<strong>Anderson Torres<\/strong>, ex-ministro da Justi\u00e7a.Play Video<\/p>\n\n\n\n<p><strong>Leia mais:<\/strong><\/p>\n\n\n\n<ul>\n<li><a href=\"https:\/\/www.cnnbrasil.com.br\/politica\/em-voto-fux-decepcionou-na-defesa-do-estado-de-direito-diz-advogado\/\"><\/a><a href=\"https:\/\/www.cnnbrasil.com.br\/politica\/em-voto-fux-decepcionou-na-defesa-do-estado-de-direito-diz-advogado\/\">Em voto, Fux decepcionou na defesa do Estado de Direito, diz advogado<\/a><\/li>\n\n\n\n<li><a href=\"https:\/\/www.cnnbrasil.com.br\/politica\/juristas-divergem-sobre-voto-de-fux-em-julgamento\/\"><\/a><a href=\"https:\/\/www.cnnbrasil.com.br\/politica\/juristas-divergem-sobre-voto-de-fux-em-julgamento\/\">Juristas divergem sobre voto de Fux em julgamento<\/a><\/li>\n\n\n\n<li><a href=\"https:\/\/www.cnnbrasil.com.br\/politica\/historia-vai-dizer-o-motivo-de-fux-ter-votado-dessa-forma-diz-especialista\/\"><\/a><a href=\"https:\/\/www.cnnbrasil.com.br\/politica\/historia-vai-dizer-o-motivo-de-fux-ter-votado-dessa-forma-diz-especialista\/\">Hist\u00f3ria vai dizer o motivo de Fux ter votado dessa forma, diz especialista<\/a><\/li>\n<\/ul>\n\n\n\n<p>J\u00e1 o tenente-coronel&nbsp;<strong>Mauro Cid<\/strong>, ex-ajudante de ordens de Bolsonaro, e o general&nbsp;<strong>Walter Braga Netto<\/strong>&nbsp;<a href=\"https:\/\/www.cnnbrasil.com.br\/politica\/stf-tem-maioria-para-condenar-mauro-cid-por-tentativa-de-abolicao-do-estado\/\" target=\"_blank\" rel=\"noreferrer noopener\">foram condenados pelo crime de&nbsp;<strong>tentativa de aboli\u00e7\u00e3o do Estado Democr\u00e1tico de Direito<\/strong><\/a>.<\/p>\n\n\n\n<p>Fux ainda votou pela nulidade de todo o processo por entender que o STF n\u00e3o \u00e9 a inst\u00e2ncia competente para analisar a a\u00e7\u00e3o. Mesmo assim, afirmou que, o caso estando no Supremo, o julgamento deveria ocorrer no plen\u00e1rio da Corte, que conta com 11 ministros, e n\u00e3o na Primeira Turma, formada por cinco.<\/p>\n\n\n\n<p>Na den\u00fancia da PGR, o procurador-geral da Rep\u00fablica,&nbsp;<strong>Paulo Gonet<\/strong>, considera que todos os atos que resultaram na depreda\u00e7\u00e3o das sedes dos Tr\u00eas Poderes, em 8 de janeiro de 2023, devem ser examinados em conjunto.<\/p>\n\n\n\n<p>O<a href=\"https:\/\/www.cnnbrasil.com.br\/politica\/por-que-julgamento-de-bolsonaro-e-aliados-acontece-na-primeira-turma-do-stf\/\" target=\"_blank\" rel=\"noreferrer noopener\">&nbsp;julgamento da trama golpista ocorre na Primeira Turma do Supremo porque o processo (A\u00e7\u00e3o Penal 2668) est\u00e1 sob relatoria do ministro Alexandre de Moraes<\/a>, que \u00e9 integrante do colegiado. Logo, o processo \u00e9 direcionado automaticamente \u00e0 turma do relator.<\/p>\n\n\n\n<p>Os r\u00e9us s\u00e3o acusados de organiza\u00e7\u00e3o criminosa armada, tentativa de aboli\u00e7\u00e3o violenta do Estado Democr\u00e1tico de Direito, golpe de Estado, dano qualificado contra o patrim\u00f4nio p\u00fablico da Uni\u00e3o e deteriora\u00e7\u00e3o de patrim\u00f4nio tombado.<\/p>\n\n\n\n<h2 class=\"wp-block-heading\">Voto afeta rela\u00e7\u00f5es de Fux no Supremo?<\/h2>\n\n\n\n<p>No voto, Fux discordou de Alexandre de Moraes e do ministro&nbsp;<a href=\"https:\/\/www.cnnbrasil.com.br\/politica\/dino-sugere-pena-menor-para-ramagem-paulo-sergio-e-heleno\/\" target=\"_blank\" rel=\"noreferrer noopener\">Fl\u00e1vio Dino<\/a>, que votaram pela condena\u00e7\u00e3o de Bolsonaro e os outros sete r\u00e9us pela trama golpista na ter\u00e7a-feira (9).<\/p>\n\n\n\n<p>\u00c0&nbsp;<strong>CNN<\/strong>, o professor de Direito Constitucional da FGV&nbsp;<strong>Rubens Glezer<\/strong>&nbsp;disse que diverg\u00eancia de Fux \u00e9 esperada no STF, mas ressaltou a maneira como ocorreu essa distin\u00e7\u00e3o entre ele e seus pares.<\/p>\n\n\n\n<p>&#8220;Tem algo muito peculiar nesse voto: nos termos, no conte\u00fado, no modo como ele foi proferido, no modo como ele foi conduzido, que indica algo de anormal e de fora da regularidade&#8221;, afirmou. &#8220;[A diverg\u00eancia] Se d\u00e1 com v\u00e1rios elementos de estranhamento. O primeiro estranhamento aparece j\u00e1 nas vota\u00e7\u00f5es preliminares, no modo como ele trata as regras estabelecidas no Tribunal, que ele j\u00e1 seguiu, sobre possibilidade de julgamento e de recurso&#8221;.<\/p>\n\n\n\n<p>J\u00e1 o advogado criminalista&nbsp;<strong>Rafael Paiva<\/strong>&nbsp;disse ser &#8220;evidente&#8221; a diferen\u00e7a entre Fux e os outros ministros, mas ressalta: &#8220;O voto divergente do Fux n\u00e3o deveria, em nenhum sentido, atrapalhar, ou ser uma quest\u00e3o, dentro do STF, j\u00e1 que cada um dos ministros t\u00eam seu livre convencimento&#8221;, disse \u00e0 reportagem.<\/p>\n\n\n\n<p>Durante o parecer na quarta-feira, Fux questionou decis\u00f5es do STF anteriores ao julgamento da a\u00e7\u00e3o. O professor da FGV relembrou quando a institui\u00e7\u00e3o decidia se acataria, ou n\u00e3o, a den\u00fancia da PGR. Na ocasi\u00e3o, Fux apontou a incompet\u00eancia da institui\u00e7\u00e3o para julgar a trama golpista, mas votou a favor do recebimento.<\/p>\n\n\n\n<p>&#8220;[Fux] Pega essas quest\u00f5es, que est\u00e3o absolutamente consolidadas e, n\u00e3o s\u00f3 apresenta a discord\u00e2ncia, mas&nbsp;<strong>tenta desmoralizar a constru\u00e7\u00e3o delas<\/strong>. Ele est\u00e1, no limite, n\u00e3o s\u00f3 marcando uma posi\u00e7\u00e3o divergente, mas questionando a autoridade do Tribunal na tomada dessas decis\u00f5es, questionando a legitimidade delas. Ent\u00e3o, \u00e9 uma cr\u00edtica de um n\u00edvel muito mais profundo&#8221;, completou Glezer.<\/p>\n\n\n\n<p>Para<strong>&nbsp;Gustavo Sampaio<\/strong>, professor de Direito Constitucional da UFF, Fux teve acertos t\u00e9cnicos, apesar de pol\u00eamicos. Segundo ele, o ministro teve raz\u00e3o ao afirmar que o plen\u00e1rio era quem deveria julgar a a\u00e7\u00e3o penal.<\/p>\n\n\n\n<p>Para explicar isso, ele disse que, at\u00e9 dezembro de 2023, as autoridades com prerrogativa de foro no STF eram julgadas no plen\u00e1rio, mas que o regime foi alterado no final daquele ano. A compet\u00eancia para julgar essas autoridades, ent\u00e3o, passou para as turmas do STF.<\/p>\n\n\n\n<p>&#8220;Exceto o presidente da Rep\u00fablica, o presidente da C\u00e2mera dos Deputados, o presidente do Senado, os 11 ministros do Supremo e o procurador-geral da Rep\u00fablica que permaneceram a ser julgados no plen\u00e1rio&#8221;, ressaltou Sampaio.<\/p>\n\n\n\n<p>O STF entendeu que Bolsonaro poderia ser julgado pela Primeira Turma por n\u00e3o ser mais presidente, explicou Sampaio.<\/p>\n\n\n\n<p>&#8220;Fux observou que, como ex-presidente, Bolsonaro s\u00f3 est\u00e1 julgado no Supremo porque \u00e9 acusado da pr\u00e1tica de crime enquanto era presidente. Ent\u00e3o, se o que atraiu a compet\u00eancia do Tribunal foi a condi\u00e7\u00e3o dele de presidente, ele deveria ser julgado pelo plen\u00e1rio&#8221;, disse.<\/p>\n\n\n\n<p><strong>O professor da UFF tamb\u00e9m destacou que a extens\u00e3o anal\u00edtica do voto &#8220;incomodou&#8221; outros ministros.<\/strong><\/p>\n\n\n\n<p>&#8220;[O tempo para votar] Pode, inclusive, n\u00e3o ter sido delicado com outros ministros. Talvez tivesse sido de bom alvitre que ele interrompesse a leitura e pedisse ao presidente da turma para continuar no dia seguinte, porque ele acabou gerando, inclusive, a necessidade de se postergar, de 9h para \u00e0s 14h, o in\u00edcio da sess\u00e3o de hoje por conta do cansa\u00e7o imposto aos demais ministros da casa&#8221;, pontuou.<\/p>\n\n\n\n<p>Para Glezer, as quase 14 horas de parecer, assim como o modo como Fux proferiu os votos, tamb\u00e9m pode ter gerado um inc\u00f4modo entre os magistrados. O professor ainda disse que o ministro falou com &#8220;uma certa agressividade&#8221; e negou &#8220;a exist\u00eancia de fatos que nem a defesa negou&#8221;.<\/p>\n\n\n\n<p>&#8220;Imagino que [o voto do Fux] tamb\u00e9m estabele\u00e7a uma certa ruptura e quebra de confian\u00e7a&#8221;, disse Glezer.<\/p>\n\n\n\n<p>Sampaio tamb\u00e9m destacou a postura negacionista de Fux com rela\u00e7\u00e3o \u00e0 tentativa de golpe de Estado no Brasil, apesar de ressaltar o acerto do ministro ao julgar r\u00e9u por r\u00e9u.<\/p>\n\n\n\n<p>&#8220;O ministro Luiz Fux nega a ocorr\u00eancia de um fato que, de maneira inquestion\u00e1vel, parece ter ocorrido, que foi a tentativa de interrup\u00e7\u00e3o do processo democr\u00e1tico no Brasil [no final de 2022 e in\u00edcio de 2023]&#8221;, completou.<\/p>\n\n\n\n<blockquote class=\"wp-block-quote\">\n<p><em>Isso gerou muita dissid\u00eancia entre os ministros, mas n\u00e3o vai gerar nenhum problema de relacionamento do ministro Fux com os demais ministros da Corte. Isso n\u00e3o acontece. \u00c9 uma impress\u00e3o que fica na opini\u00e3o p\u00fablica, mas que n\u00e3o condiz com a realidade dos fatos. Na verdade, h\u00e1 por dentro, nas achegas do poder, dentro dos convescotes e reuni\u00f5es, todos se entendem. Todos compreendem que a independ\u00eancia funcional permite que cada um decida da forma que entender mais prudente \u00e0 luz da interpreta\u00e7\u00e3o dos fatos e do Direito.<\/em><\/p>\n<\/blockquote>\n","protected":false},"excerpt":{"rendered":"<p>Em parecer que durou quase 14 horas, magistrado votou para absolver o ex-presidente Jair Bolsonaro (PL) e outros cinco r\u00e9us Gabriela Piva, da CNN, S\u00e3o Paulo11\/09\/25 \u00e0s 14:06&nbsp;|&nbsp;Atualizado&nbsp;11\/09\/25 \u00e0s 22:15<\/p>\n","protected":false},"author":1,"featured_media":9629,"comment_status":"closed","ping_status":"closed","sticky":false,"template":"","format":"standard","meta":[],"categories":[1],"tags":[],"_links":{"self":[{"href":"https:\/\/7ports.com.br\/index.php?rest_route=\/wp\/v2\/posts\/9628"}],"collection":[{"href":"https:\/\/7ports.com.br\/index.php?rest_route=\/wp\/v2\/posts"}],"about":[{"href":"https:\/\/7ports.com.br\/index.php?rest_route=\/wp\/v2\/types\/post"}],"author":[{"embeddable":true,"href":"https:\/\/7ports.com.br\/index.php?rest_route=\/wp\/v2\/users\/1"}],"replies":[{"embeddable":true,"href":"https:\/\/7ports.com.br\/index.php?rest_route=%2Fwp%2Fv2%2Fcomments&post=9628"}],"version-history":[{"count":1,"href":"https:\/\/7ports.com.br\/index.php?rest_route=\/wp\/v2\/posts\/9628\/revisions"}],"predecessor-version":[{"id":9630,"href":"https:\/\/7ports.com.br\/index.php?rest_route=\/wp\/v2\/posts\/9628\/revisions\/9630"}],"wp:featuredmedia":[{"embeddable":true,"href":"https:\/\/7ports.com.br\/index.php?rest_route=\/wp\/v2\/media\/9629"}],"wp:attachment":[{"href":"https:\/\/7ports.com.br\/index.php?rest_route=%2Fwp%2Fv2%2Fmedia&parent=9628"}],"wp:term":[{"taxonomy":"category","embeddable":true,"href":"https:\/\/7ports.com.br\/index.php?rest_route=%2Fwp%2Fv2%2Fcategories&post=9628"},{"taxonomy":"post_tag","embeddable":true,"href":"https:\/\/7ports.com.br\/index.php?rest_route=%2Fwp%2Fv2%2Ftags&post=9628"}],"curies":[{"name":"wp","href":"https:\/\/api.w.org\/{rel}","templated":true}]}}