
{"id":9847,"date":"2025-10-10T23:37:13","date_gmt":"2025-10-11T02:37:13","guid":{"rendered":"https:\/\/7ports.com.br\/?p=9847"},"modified":"2025-10-30T13:05:11","modified_gmt":"2025-10-30T16:05:11","slug":"israel-encerra-ofensiva-em-gaza-e-palestinos-comecam-a-retornar-as-suas-casas","status":"publish","type":"post","link":"https:\/\/7ports.com.br\/?p=9847","title":{"rendered":"Israel encerra ofensiva em Gaza"},"content":{"rendered":"\n<h2 class=\"wp-block-heading\">Palestinos come\u00e7am a retornar \u00e0s suas casas. <\/h2>\n\n\n\n<p>.<\/p>\n\n\n\n<h2 class=\"wp-block-heading\">Acordo com o Hamas prev\u00ea liberta\u00e7\u00e3o de ref\u00e9ns israelenses em at\u00e9 72 horas<\/h2>\n\n\n\n<figure class=\"wp-block-image\"><img decoding=\"async\" src=\"https:\/\/iclnoticias.com.br\/app\/uploads\/2025\/10\/WhatsApp-Image-2025-10-10-at-15.04.40-960x540.webp\" alt=\"Israel encerra ofensiva em Gaza e palestinos come\u00e7am a retornar \u00e0s suas casas\"\/><\/figure>\n\n\n\n<p>Israel anunciou nesta sexta-feira (10) o in\u00edcio do cessar-fogo em&nbsp;<a href=\"https:\/\/iclnoticias.com.br\/paz-em-gaza\/\">Gaza<\/a>&nbsp;ap\u00f3s acordo com o Hamas. Milhares de palestinos deslocados come\u00e7aram a retornar \u00e0s suas casas em meio a um cen\u00e1rio de destrui\u00e7\u00e3o. O acordo com o movimento islamista palestino Hamas tamb\u00e9m deve permitir a liberta\u00e7\u00e3o dos ref\u00e9ns israelenses mantidos em Gaza dentro de 72 horas.<\/p>\n\n\n\n<p>Com a entrada em vigor do cessar-fogo anunciado pelo Ex\u00e9rcito israelense \u00e0s 9h GMT (6h em Bras\u00edlia), milhares de palestinos deslocados iniciaram uma marcha do sul da Faixa de Gaza para o norte, retornando \u00e0s suas casas. Outros retornaram \u00e0s suas casas em Khan Yunis, no sul de Gaza, e encontraram suas resid\u00eancias completamente destru\u00eddas, segundo imagens divulgadas pela AFP.<\/p>\n\n\n\n<p>Israel lan\u00e7ou uma ofensiva terrestre e a\u00e9rea especialmente intensa nas \u00faltimas semanas para tomar Cidade de Gaza, a maior cidade do territ\u00f3rio palestino, com o objetivo de aniquilar o Hamas. O Ex\u00e9rcito israelense anunciou que suas tropas come\u00e7aram a se posicionar ao longo das \u201clinhas de retirada, em prepara\u00e7\u00e3o para o acordo de cessar-fogo e retorno dos ref\u00e9ns\u201d. Mas advertiu que algumas \u00e1reas continuam sendo \u201cextremamente perigosas\u201d.<\/p>\n\n\n\n<p>Em um comunicado conjunto, os dirigentes da Alemanha, Reino Unido e Fran\u00e7a pediram ao Conselho de Seguran\u00e7a da ONU que d\u00ea \u201capoio total\u201d ao plano de paz em Gaza promovido pelos Estados Unidos.<\/p>\n\n\n\n<h2 class=\"wp-block-heading\"><strong>72 horas<\/strong><\/h2>\n\n\n\n<p>O Pent\u00e1gono \u201cconfirmou que o Ex\u00e9rcito de Israel completou a primeira fase de sua retirada para a linha amarela \u00e0s 12h locais\u201d, disse o enviado especial do presidente Donald Trump, Steve Witkoff, no X. \u201cO per\u00edodo de 72 horas para a libera\u00e7\u00e3o de ref\u00e9ns come\u00e7ou\u201d, acrescentou.<\/p>\n\n\n\n<p>O cessar-fogo e a libera\u00e7\u00e3o dos ref\u00e9ns est\u00e3o previstos no acordo aprovado na quinta-feira ap\u00f3s quatro dias de negocia\u00e7\u00f5es indiretas no Egito entre o Hamas e Israel. O acordo baseia-se em um plano de 20 pontos anunciado no final de setembro pelo presidente dos Estados Unidos, Donald Trump.<\/p>\n\n\n\n<p>O pacto busca p\u00f4r fim a dois anos de guerra em Gaza, um conflito que come\u00e7ou com o ataque do Hamas em 7 de outubro de 2023 em territ\u00f3rio israelense, que resultou em 1.219 mortos, na sua maioria civis, segundo um balan\u00e7o da AFP com base em dados oficiais. O acordo estipula o retorno a Israel de todos os ref\u00e9ns feitos em Gaza desde o ataque.<\/p>\n\n\n\n<p>O primeiro-ministro israelense, Benjamin Netanyahu, declarou que dos 48 ref\u00e9ns que permanecem detidos em Gaza, 20 est\u00e3o vivos e 28 morreram. A fam\u00edlia de Alon Ohel, um dos ref\u00e9ns, declarou que est\u00e3o \u201ctomados pela emo\u00e7\u00e3o\u201d e esperam ansiosamente pelo seu retorno. \u201cEsperamos que a guerra termine de uma vez\u201d, disse.<\/p>\n\n\n\n<p>Israel deve libertar 250 detidos por raz\u00f5es de seguran\u00e7a e 1.700 palestinos de Gaza presos pelas for\u00e7as israelenses desde outubro de 2023. Na lista publicada nesta sexta-feira, com os 250 prisioneiros que poderiam ser trocados, n\u00e3o aparece nenhuma das figuras emblem\u00e1ticas da luta armada palestina.<\/p>\n\n\n\n<p>Apesar das celebra\u00e7\u00f5es em Israel e em Gaza, ainda restam muitos assuntos por resolver, entre eles o desarmamento do Hamas e a proposta de uma autoridade de transi\u00e7\u00e3o para Gaza liderada por Trump, que fazem parte do plano proposto pelo presidente dos Estados Unidos.<\/p>\n\n\n\n<p>Em resposta ao ataque de 7 de outubro de 2023, Israel lan\u00e7ou uma ofensiva que j\u00e1 deixou ao menos 67.194 mortos em Gaza, segundo os n\u00fameros do Minist\u00e9rio da Sa\u00fade do governo do Hamas, considerados confi\u00e1veis pela ONU.<\/p>\n\n\n\n<p><img decoding=\"async\" loading=\"lazy\" src=\"https:\/\/iclnoticias.com.br\/app\/uploads\/2025\/10\/AFP__20251009__7887263__v2__HighRes__PalestinianIsraelGazaConflict-scaled.webp\" alt=\"PAZ EM GAZA?\" width=\"1920\" height=\"1280\"><\/p>\n\n\n\n<p id=\"caption-attachment-93635\">Crian\u00e7as comemoram an\u00fancio de cessar-fogo em Gaza \u2013 Foto: AFP<\/p>\n\n\n\n<h2 class=\"wp-block-heading\"><strong>\u201cRetorno cheio de feridas e dor\u201d<\/strong><\/h2>\n\n\n\n<p>Ameer Abu Iyadeh, um deslocado de 32 anos, relatou \u00e0 AFP em Khan Yunis que este retorno est\u00e1 \u201ccheio de feridas e dor\u201d. Arij Abu Saadaeh, de 53 anos, contou que est\u00e1 \u201cfeliz pela tr\u00e9gua e pela paz\u201d, mas acrescentou que \u00e9 \u201cm\u00e3e de um filho e uma filha que foram assassinados, e estou de luto por eles\u201d.<\/p>\n\n\n\n<p>\u201cS\u00f3 rezo para que [minha casa] n\u00e3o tenha sido destru\u00edda (\u2026) S\u00f3 esperamos que a guerra acabe de uma vez por todas, para n\u00e3o termos que fugir nunca mais\u201d, disse Mohamed Mortaja, de 39 anos, enquanto se dirigia para sua casa na Cidade de Gaza.<\/p>\n\n\n\n<p>Mohamed al Mughayyir, um alto funcion\u00e1rio da Defesa Civil, uma ag\u00eancia de resgate que opera sob a autoridade do governo do Hamas, confirmou \u00e0 AFP que \u201cas for\u00e7as israelenses se retiraram de v\u00e1rias \u00e1reas da Cidade de Gaza\u201d.<\/p>\n\n\n\n<p>Paralelamente, a Associa\u00e7\u00e3o de Imprensa Estrangeira em Jerusal\u00e9m instou nesta sexta-feira Israel a conceder acesso independente a Gaza. As autoridades israelenses t\u00eam impedido que jornalistas de meios estrangeiros entrem no devastado territ\u00f3rio desde o in\u00edcio da guerra.<\/p>\n","protected":false},"excerpt":{"rendered":"<p>Acordo com Hamas prev\u00ea liberta\u00e7\u00e3o de ref\u00e9ns israelenses em 72 horas.<\/p>\n","protected":false},"author":1,"featured_media":9850,"comment_status":"closed","ping_status":"closed","sticky":false,"template":"","format":"standard","meta":[],"categories":[1],"tags":[],"_links":{"self":[{"href":"https:\/\/7ports.com.br\/index.php?rest_route=\/wp\/v2\/posts\/9847"}],"collection":[{"href":"https:\/\/7ports.com.br\/index.php?rest_route=\/wp\/v2\/posts"}],"about":[{"href":"https:\/\/7ports.com.br\/index.php?rest_route=\/wp\/v2\/types\/post"}],"author":[{"embeddable":true,"href":"https:\/\/7ports.com.br\/index.php?rest_route=\/wp\/v2\/users\/1"}],"replies":[{"embeddable":true,"href":"https:\/\/7ports.com.br\/index.php?rest_route=%2Fwp%2Fv2%2Fcomments&post=9847"}],"version-history":[{"count":7,"href":"https:\/\/7ports.com.br\/index.php?rest_route=\/wp\/v2\/posts\/9847\/revisions"}],"predecessor-version":[{"id":10053,"href":"https:\/\/7ports.com.br\/index.php?rest_route=\/wp\/v2\/posts\/9847\/revisions\/10053"}],"wp:featuredmedia":[{"embeddable":true,"href":"https:\/\/7ports.com.br\/index.php?rest_route=\/wp\/v2\/media\/9850"}],"wp:attachment":[{"href":"https:\/\/7ports.com.br\/index.php?rest_route=%2Fwp%2Fv2%2Fmedia&parent=9847"}],"wp:term":[{"taxonomy":"category","embeddable":true,"href":"https:\/\/7ports.com.br\/index.php?rest_route=%2Fwp%2Fv2%2Fcategories&post=9847"},{"taxonomy":"post_tag","embeddable":true,"href":"https:\/\/7ports.com.br\/index.php?rest_route=%2Fwp%2Fv2%2Ftags&post=9847"}],"curies":[{"name":"wp","href":"https:\/\/api.w.org\/{rel}","templated":true}]}}