
{"id":9960,"date":"2025-10-25T17:28:40","date_gmt":"2025-10-25T20:28:40","guid":{"rendered":"https:\/\/7ports.com.br\/?p=9960"},"modified":"2025-11-02T23:10:29","modified_gmt":"2025-11-03T02:10:29","slug":"lixo-humano","status":"publish","type":"post","link":"https:\/\/7ports.com.br\/?p=9960","title":{"rendered":"LIXO HUMANO"},"content":{"rendered":"\n<h2 class=\"wp-block-heading\">O estado capitulou a orienta\u00e7\u00e3o federal. Caveir\u00e3o agora \u00e9 Huber de traficante e cobram R$ 1MM, para resgatar traficantes cercados por milicianos. <\/h2>\n\n\n\n<figure class=\"wp-block-image size-full\"><img decoding=\"async\" loading=\"lazy\" width=\"1000\" height=\"400\" src=\"https:\/\/7ports.com.br\/wp-content\/uploads\/2025\/10\/Lixo-Humano-II.png\" alt=\"\" class=\"wp-image-10063\" srcset=\"https:\/\/7ports.com.br\/wp-content\/uploads\/2025\/10\/Lixo-Humano-II.png 1000w, https:\/\/7ports.com.br\/wp-content\/uploads\/2025\/10\/Lixo-Humano-II-300x120.png 300w, https:\/\/7ports.com.br\/wp-content\/uploads\/2025\/10\/Lixo-Humano-II-768x307.png 768w\" sizes=\"(max-width: 1000px) 100vw, 1000px\" \/><\/figure>\n\n\n\n<p>\u00c9 incompreens\u00edvel que, em pleno s\u00e9culo XXI, uma voz desprovida de raz\u00e3o sustente a convic\u00e7\u00e3o de que traficantes s\u00e3o v\u00edtimas dos usu\u00e1rios. Essa irracionalidade profunda traz \u00e0 tona a discuss\u00e3o sobre a necessidade de interdi\u00e7\u00e3o por incapacidade de discernimento e ju\u00edzo l\u00f3gico.<\/p>\n\n\n\n<p>O agravante \u00e9 que tal postura parte do presidente do Brasil. A falta de sensibilidade constitui um desrespeito \u00e0s v\u00edtimas reais do tr\u00e1fico \u2014 fam\u00edlias inteiras destru\u00eddas pelo flagelo humano, vitimadas de forma direta ou indireta pelo que as na\u00e7\u00f5es desenvolvidas j\u00e1 classificam como <strong>narcoterrorismo<\/strong>.<\/p>\n\n\n\n<p>O narcoterrorismo \u00e9 caracterizado pela combina\u00e7\u00e3o de atividades terroristas com o tr\u00e1fico de drogas, visando desestabilizar governos e controlar territ\u00f3rios. No Brasil, fac\u00e7\u00f5es criminosas como o PCC e o Comando Vermelho t\u00eam expandido suas opera\u00e7\u00f5es, associando-se a organiza\u00e7\u00f5es internacionais e disputando rotas de tr\u00e1fico, inclusive na Amaz\u00f4nia, onde h\u00e1 relatos de incurs\u00f5es em terras ind\u00edgenas para explora\u00e7\u00e3o ilegal de recursos naturais <a href=\"https:\/\/elpais.com\/economia\/negocios\/2025-02-22\/los-narcos-brasilenos-van-a-por-el-oro-de-la-amazonia.html?utm_source=chatgpt.com\" target=\"_blank\" rel=\"noreferrer noopener\">El Pa\u00eds<\/a>.<\/p>\n\n\n\n<p>Al\u00e9m disso, o Projeto de Lei 724\/25, atualmente em an\u00e1lise na C\u00e2mara dos Deputados, prop\u00f5e ampliar o conceito de terrorismo para incluir o narcotr\u00e1fico, considerando como ato de terrorismo ajudar financeiramente, proteger ou facilitar atividades ligadas ao tr\u00e1fico de drogas, incluindo a\u00e7\u00f5es como coagir pessoas ou o governo, por meio de viol\u00eancia ou amea\u00e7a <a href=\"https:\/\/www.camara.leg.br\/noticias\/1147102-projeto-amplia-conceito-legal-de-terrorismo-para-incluir-o-narcoterrorismo\/?utm_source=chatgpt.com\" target=\"_blank\" rel=\"noreferrer noopener\">Portal da C\u00e2mara dos Deputados<\/a>.<\/p>\n\n\n\n<p>\u00c9 compreens\u00edvel que vozes se levantem no Congresso Nacional para questionar a capacidade de lideran\u00e7a do presidente, por falta de razoabilidade e sensatez. Quanto \u00e0 honra, essa foi abandonada h\u00e1 muito tempo.<\/p>\n\n\n\n<p><strong>Agenor Candido Gomes<\/strong><br>25\/10\/2025<\/p>\n","protected":false},"excerpt":{"rendered":"<p>O estado capitulou a orienta\u00e7\u00e3o federal. Caveir\u00e3o agora \u00e9 Huber de traficante e cobram R$ 1MM, para resgatar traficantes cercados por milicianos. \u00c9 incompreens\u00edvel que, em pleno s\u00e9culo XXI, uma<\/p>\n","protected":false},"author":1,"featured_media":9961,"comment_status":"closed","ping_status":"closed","sticky":false,"template":"","format":"standard","meta":[],"categories":[1],"tags":[],"_links":{"self":[{"href":"https:\/\/7ports.com.br\/index.php?rest_route=\/wp\/v2\/posts\/9960"}],"collection":[{"href":"https:\/\/7ports.com.br\/index.php?rest_route=\/wp\/v2\/posts"}],"about":[{"href":"https:\/\/7ports.com.br\/index.php?rest_route=\/wp\/v2\/types\/post"}],"author":[{"embeddable":true,"href":"https:\/\/7ports.com.br\/index.php?rest_route=\/wp\/v2\/users\/1"}],"replies":[{"embeddable":true,"href":"https:\/\/7ports.com.br\/index.php?rest_route=%2Fwp%2Fv2%2Fcomments&post=9960"}],"version-history":[{"count":4,"href":"https:\/\/7ports.com.br\/index.php?rest_route=\/wp\/v2\/posts\/9960\/revisions"}],"predecessor-version":[{"id":10064,"href":"https:\/\/7ports.com.br\/index.php?rest_route=\/wp\/v2\/posts\/9960\/revisions\/10064"}],"wp:featuredmedia":[{"embeddable":true,"href":"https:\/\/7ports.com.br\/index.php?rest_route=\/wp\/v2\/media\/9961"}],"wp:attachment":[{"href":"https:\/\/7ports.com.br\/index.php?rest_route=%2Fwp%2Fv2%2Fmedia&parent=9960"}],"wp:term":[{"taxonomy":"category","embeddable":true,"href":"https:\/\/7ports.com.br\/index.php?rest_route=%2Fwp%2Fv2%2Fcategories&post=9960"},{"taxonomy":"post_tag","embeddable":true,"href":"https:\/\/7ports.com.br\/index.php?rest_route=%2Fwp%2Fv2%2Ftags&post=9960"}],"curies":[{"name":"wp","href":"https:\/\/api.w.org\/{rel}","templated":true}]}}